{"id":308,"date":"2018-06-08T00:00:00","date_gmt":"2018-06-07T22:00:00","guid":{"rendered":"http:\/\/semmelweis.hu\/mental\/536-karacsonyi-udvozlet\/"},"modified":"2018-06-19T09:53:18","modified_gmt":"2018-06-19T07:53:18","slug":"karacsonyi-udvozlet","status":"publish","type":"post","link":"https:\/\/semmelweis.hu\/mental\/2018\/06\/08\/karacsonyi-udvozlet\/","title":{"rendered":"KAR\u00c1CSONYI \u00dcDV\u00d6ZLET"},"content":{"rendered":"<p><strong>Int\u00e9zet\u00fcnkben 2014. december 22. \u00e9s 2015. janu\u00e1r 5. k\u00f6z\u00f6tt az \u00fcgyint\u00e9z\u00e9s sz\u00fcnetel.<\/strong><\/p>\n<p>Ez\u00faton is k\u00edv\u00e1nunk minden volt, jelenlegi \u00e9s leend\u0151 hallgat\u00f3nknak meghitt, b\u00e9k\u00e9s \u00dcnnepet, \u00e9s eredm\u00e9nyekben, sikerekben gazdag \u00faj \u00e9vet!<\/p>\n<figure id=\"attachment_416\" aria-describedby=\"caption-attachment-416\" style=\"width: 300px\" class=\"wp-caption alignnone\"><a href=\"https:\/\/semmelweis.hu\/mental\/files\/2018\/06\/Christmas-candle-HONLAP.jpg\"><img loading=\"lazy\" decoding=\"async\" class=\"size-medium wp-image-416\" src=\"https:\/\/semmelweis.hu\/mental\/files\/2018\/06\/Christmas-candle-HONLAP-300x200.jpg\" alt=\"\" width=\"300\" height=\"200\" srcset=\"https:\/\/semmelweis.hu\/mental\/files\/2018\/06\/Christmas-candle-HONLAP-300x200.jpg 300w, https:\/\/semmelweis.hu\/mental\/files\/2018\/06\/Christmas-candle-HONLAP-768x512.jpg 768w, https:\/\/semmelweis.hu\/mental\/files\/2018\/06\/Christmas-candle-HONLAP-1024x683.jpg 1024w, https:\/\/semmelweis.hu\/mental\/files\/2018\/06\/Christmas-candle-HONLAP-753x502.jpg 753w, https:\/\/semmelweis.hu\/mental\/files\/2018\/06\/Christmas-candle-HONLAP-203x135.jpg 203w, https:\/\/semmelweis.hu\/mental\/files\/2018\/06\/Christmas-candle-HONLAP.jpg 1200w\" sizes=\"auto, (max-width: 300px) 100vw, 300px\" \/><\/a><figcaption id=\"caption-attachment-416\" class=\"wp-caption-text\">Christmas candle.<\/figcaption><\/figure>\n","protected":false},"excerpt":{"rendered":"<p>Int\u00e9zet\u00fcnkben 2014. december 22. \u00e9s 2015. janu\u00e1r 5. k\u00f6z\u00f6tt az \u00fcgyint\u00e9z\u00e9s sz\u00fcnetel.<br \/>\nEz\u00faton is k\u00edv\u00e1nunk minden volt, jelenlegi \u00e9s leend\u0151 hallgat\u00f3nknak meghitt, b\u00e9k\u00e9s \u00dcnnepet, \u00e9s eredm\u00e9nyekben, sikerekben gazdag \u00faj \u00e9vet!<\/p>\n","protected":false},"author":101265,"featured_media":416,"comment_status":"closed","ping_status":"closed","sticky":false,"template":"","format":"standard","meta":{"_acf_changed":false,"footnotes":""},"categories":[1],"tags":[],"class_list":["post-308","post","type-post","status-publish","format-standard","has-post-thumbnail","hentry","category-hirek"],"acf":[],"_links":{"self":[{"href":"https:\/\/semmelweis.hu\/mental\/wp-json\/wp\/v2\/posts\/308","targetHints":{"allow":["GET"]}}],"collection":[{"href":"https:\/\/semmelweis.hu\/mental\/wp-json\/wp\/v2\/posts"}],"about":[{"href":"https:\/\/semmelweis.hu\/mental\/wp-json\/wp\/v2\/types\/post"}],"author":[{"embeddable":true,"href":"https:\/\/semmelweis.hu\/mental\/wp-json\/wp\/v2\/users\/101265"}],"replies":[{"embeddable":true,"href":"https:\/\/semmelweis.hu\/mental\/wp-json\/wp\/v2\/comments?post=308"}],"version-history":[{"count":3,"href":"https:\/\/semmelweis.hu\/mental\/wp-json\/wp\/v2\/posts\/308\/revisions"}],"predecessor-version":[{"id":2262,"href":"https:\/\/semmelweis.hu\/mental\/wp-json\/wp\/v2\/posts\/308\/revisions\/2262"}],"wp:featuredmedia":[{"embeddable":true,"href":"https:\/\/semmelweis.hu\/mental\/wp-json\/wp\/v2\/media\/416"}],"wp:attachment":[{"href":"https:\/\/semmelweis.hu\/mental\/wp-json\/wp\/v2\/media?parent=308"}],"wp:term":[{"taxonomy":"category","embeddable":true,"href":"https:\/\/semmelweis.hu\/mental\/wp-json\/wp\/v2\/categories?post=308"},{"taxonomy":"post_tag","embeddable":true,"href":"https:\/\/semmelweis.hu\/mental\/wp-json\/wp\/v2\/tags?post=308"}],"curies":[{"name":"wp","href":"https:\/\/api.w.org\/{rel}","templated":true}]}}