{"id":307,"date":"2018-06-08T00:00:00","date_gmt":"2018-06-07T22:00:00","guid":{"rendered":"http:\/\/semmelweis.hu\/mental\/569-felveteli-felhivas-csaladtudomanyi-es-csaladterapias-mesterkepzesi-szakra\/"},"modified":"2018-06-19T09:50:21","modified_gmt":"2018-06-19T07:50:21","slug":"felveteli-felhivas-csaladtudomanyi-es-csaladterapias-mesterkepzesi-szakra","status":"publish","type":"post","link":"https:\/\/semmelweis.hu\/mental\/2018\/06\/08\/felveteli-felhivas-csaladtudomanyi-es-csaladterapias-mesterkepzesi-szakra\/","title":{"rendered":"FELV\u00c9TELI FELH\u00cdV\u00c1S CSAL\u00c1DTUDOM\u00c1NYI \u00c9S CSAL\u00c1DTER\u00c1PI\u00c1S MESTERK\u00c9PZ\u00c9SRE"},"content":{"rendered":"<p>Int\u00e9zet\u00fcnk els\u0151 alkalommal id\u00e9n, 2015 szeptembert\u0151l ind\u00edtja a\u00a0<em>Ment\u00e1lhigi\u00e9n\u00e9s csal\u00e1dtudom\u00e1nyi \u00e9s csal\u00e1dter\u00e1pi\u00e1s mesterk\u00e9pz\u00e9st. <\/em>\u00a0A k\u00e9pz\u00e9sr\u0151l \u00e9s a felv\u00e9telhez sz\u00fcks\u00e9ges k\u00f6vetelm\u00e9nyekr\u0151l honlapunkon, a <a href=\"https:\/\/semmelweis.hu\/mental\/mesterkepzesek\/csaladtudomany-es-csaladterapia\/felvetel-a-kepzesre-csalad-2\/\">k\u00e9pz\u00e9s oldal\u00e1n<\/a> lehet t\u00e1j\u00e9koz\u00f3dni. A k\u00e9pz\u00e9sre val\u00f3 jelentkez\u00e9s a Fels\u0151oktat\u00e1si Felv\u00e9teli elj\u00e1r\u00e1s keret\u00e9ben t\u00f6rt\u00e9nik: <a href=\"http:\/\/www.felvi.hu\/felveteli\/egyetemek_foiskolak\/!IntezmenyiOldalak\/meghirdetes.php?meg_id=14008\">www.felvi.hu<\/a>.\u00a0Jelentkez\u00e9si hat\u00e1rid\u0151:\u00a0<\/span><\/span><strong><span style=\"color: #ff0000;\"><strong>2015. febru\u00e1r 15.<\/strong><\/span><\/strong><\/p>\n","protected":false},"excerpt":{"rendered":"<p>Int\u00e9zet\u00fcnk els\u0151 alkalommal id\u00e9n, 2015 szeptembert\u0151l ind\u00edtja a\u00a0Ment\u00e1lhigi\u00e9n\u00e9s csal\u00e1dtudom\u00e1nyi \u00e9s csal\u00e1dter\u00e1pi\u00e1s mesterk\u00e9pz\u00e9st. \u00a0A k\u00e9pz\u00e9sr\u0151l \u00e9s a felv\u00e9telhez sz\u00fcks\u00e9ges k\u00f6vetelm\u00e9nyekr\u0151l honlapunkon, a <a href=\"https:\/\/semmelweis.hu\/mental\/mesterkepzesek\/csaladtudomany-es-csaladterapia\/felvetel-a-kepzesre-csalad-2\/\">k\u00e9pz\u00e9s oldal\u00e1n<\/a> lehet t\u00e1j\u00e9koz\u00f3dni. A k\u00e9pz\u00e9sre val\u00f3 jelentkez\u00e9s a Fels\u0151oktat\u00e1si Felv\u00e9teli elj\u00e1r\u00e1s keret\u00e9ben t\u00f6rt\u00e9nik: <a href=\"http:\/\/www.felvi.hu\/felveteli\/egyetemek_foiskolak\/!IntezmenyiOldalak\/meghirdetes.php?meg_id=14008\">www.felvi.hu<\/a>.\u00a0Jelentkez\u00e9si hat\u00e1rid\u0151:\u00a02015. febru\u00e1r 15.<\/p>\n","protected":false},"author":101265,"featured_media":454,"comment_status":"closed","ping_status":"closed","sticky":false,"template":"","format":"standard","meta":{"_acf_changed":false,"footnotes":""},"categories":[1],"tags":[],"class_list":["post-307","post","type-post","status-publish","format-standard","has-post-thumbnail","hentry","category-hirek"],"acf":[],"_links":{"self":[{"href":"https:\/\/semmelweis.hu\/mental\/wp-json\/wp\/v2\/posts\/307","targetHints":{"allow":["GET"]}}],"collection":[{"href":"https:\/\/semmelweis.hu\/mental\/wp-json\/wp\/v2\/posts"}],"about":[{"href":"https:\/\/semmelweis.hu\/mental\/wp-json\/wp\/v2\/types\/post"}],"author":[{"embeddable":true,"href":"https:\/\/semmelweis.hu\/mental\/wp-json\/wp\/v2\/users\/101265"}],"replies":[{"embeddable":true,"href":"https:\/\/semmelweis.hu\/mental\/wp-json\/wp\/v2\/comments?post=307"}],"version-history":[{"count":3,"href":"https:\/\/semmelweis.hu\/mental\/wp-json\/wp\/v2\/posts\/307\/revisions"}],"predecessor-version":[{"id":2260,"href":"https:\/\/semmelweis.hu\/mental\/wp-json\/wp\/v2\/posts\/307\/revisions\/2260"}],"wp:featuredmedia":[{"embeddable":true,"href":"https:\/\/semmelweis.hu\/mental\/wp-json\/wp\/v2\/media\/454"}],"wp:attachment":[{"href":"https:\/\/semmelweis.hu\/mental\/wp-json\/wp\/v2\/media?parent=307"}],"wp:term":[{"taxonomy":"category","embeddable":true,"href":"https:\/\/semmelweis.hu\/mental\/wp-json\/wp\/v2\/categories?post=307"},{"taxonomy":"post_tag","embeddable":true,"href":"https:\/\/semmelweis.hu\/mental\/wp-json\/wp\/v2\/tags?post=307"}],"curies":[{"name":"wp","href":"https:\/\/api.w.org\/{rel}","templated":true}]}}