{"id":306,"date":"2018-06-08T00:00:00","date_gmt":"2018-06-07T22:00:00","guid":{"rendered":"http:\/\/semmelweis.hu\/mental\/503-konyvbemutato\/"},"modified":"2018-06-19T09:46:54","modified_gmt":"2018-06-19T07:46:54","slug":"konyvbemutato","status":"publish","type":"post","link":"https:\/\/semmelweis.hu\/mental\/2018\/06\/08\/konyvbemutato\/","title":{"rendered":"BESZ\u00c1MOL\u00d3 VARGA K\u00c1ROLY &#8211; &#8222;F\u00c9NYK\u00d6R&#8221; C\u00cdM\u0170 K\u00d6NYV\u00c9NEK BEMUTAT\u00d3J\u00c1R\u00d3L"},"content":{"rendered":"<p>Kiv\u00e9teles szellemi \u00e9lm\u00e9nyben volt r\u00e9sze annak, aki november 19-\u00e9n a Nagyv\u00e1rad t\u00e9ren r\u00e9szt vett Varga K\u00e1roly professzor emeritus\u00a0<strong>F\u00e9nyk\u00f6r &#8211; \u00c9rt\u00e9kszociol\u00f3gia, nemzetstrat\u00e9gia c.<\/strong>\u00a0k\u00f6tet\u00e9nek (Akad\u00e9miai Kiad\u00f3, 2013)\u00a0bemutat\u00f3j\u00e1n.<\/p>\n<p>A k\u00f6nyvbemutat\u00f3 besz\u00e9lget\u00e9st a Semmelweis Egyetem Ment\u00e1lhigi\u00e9n\u00e9 Int\u00e9zet \u00e9s Eg\u00e9szs\u00e9g\u00fcgyi Menedzserk\u00e9pz\u0151 K\u00f6zpont, valamint a Budapesti Corvinus Egyetem Szervezeti Magatart\u00e1s Tansz\u00e9k (Vezet\u00e9studom\u00e1nyi Int\u00e9zet) k\u00f6z\u00f6sen szervezte, amelyeknek munkat\u00e1rsai k\u00f6z\u00fcl sokan vallj\u00e1k szellemi inspir\u00e1l\u00f3juknak, mester\u00fcknek a professzor urat.<\/p>\n<p>H\u00e9t recenzens m\u00e9ltatta a magyar \u00e9rt\u00e9kszociol\u00f3gia e kiemelked\u0151 alkot\u00e1s\u00e1t: Aszal\u00f3s J\u00e1nos, Szabari Vera, Szel\u00e9nyi Iv\u00e1n, Tam\u00e1s P\u00e1l, T\u00f3th \u00c1kos, T\u00f3th P\u00e1l P\u00e9ter, Tringer L\u00e1szl\u00f3.<br \/>\nA m\u00e9ltat\u00e1sok r\u00e1vil\u00e1g\u00edtottak arra, hogy:<\/p>\n<ul>\n<li>a k\u00f6tet 50 esztend\u0151 tudom\u00e1nyos munk\u00e1ss\u00e1g\u00e1nak foglalata \u2013 az \u00e9letm\u0171b\u0151l kibontakoz\u00f3 tudom\u00e1nyos teljes\u00edtm\u00e9ny n\u00e9mely elem\u00e9vel Varga K\u00e1roly \u00e9vtizedekkel j\u00e1rt kort\u00e1rsai el\u0151tt,<\/li>\n<li>a t\u00edz esztend\u0151vel ezel\u0151tti (2003-as) megjelen\u00e9s friss tudom\u00e1nyos kutat\u00e1si eredm\u00e9nyekkel kieg\u00e9sz\u00edtett mostani kiad\u00e1sa tulajdonk\u00e9ppen k\u00e9t k\u00f6nyv egybeszerkesztve,<\/li>\n<li>ez a munka h\u00e1rom tudom\u00e1nyter\u00fclet egym\u00e1st megterm\u00e9keny\u00edt\u0151 \u00f6tv\u00f6zetek\u00e9nt sz\u00fcletett (szociol\u00f3gia, szoci\u00e1lpszichol\u00f3gia \u00e9s teol\u00f3gia), \u00e9s tov\u00e1bbi tudom\u00e1nyter\u00fcleteken alkot\u00f3k gondolkod\u00e1s\u00e1t term\u00e9keny\u00edtheti meg,<\/li>\n<li>\u00e9rt\u0151 olvas\u00e1sa nem \u00edg\u00e9r k\u00f6nny\u0171 olvasm\u00e1ny\u00e9lm\u00e9nyt, de m\u00e9lys\u00e9gei miatt alapvet\u0151 k\u00e9zik\u00f6nyvk\u00e9nt ott a helye minden szakter\u00fclet\u00fcnk\u00f6n alkot\u00f3, gondolkod\u00f3 k\u00f6nyvespolc\u00e1n,<\/li>\n<li>a tudom\u00e1nyos \u00e9rt\u00e9kei mellett leny\u0171g\u00f6z\u0151ek a k\u00f6nyv sz\u00e9lesebb \u00e9rtelemben vett \u2013 t\u00f6bbek k\u00f6z\u00f6tt irodalmi \u2013 m\u0171velts\u00e9get tan\u00fas\u00edt\u00f3 asszoci\u00e1ci\u00f3i (ahogy arra t\u00f6bb recenzens r\u00e1mutatott: a m\u0171 l\u00e1bjegyzet appar\u00e1tusa \u00f6n\u00e1ll\u00f3 k\u00f6tetk\u00e9nt is meg\u00e1lln\u00e1 a hely\u00e9t).<\/li>\n<\/ul>\n<p>A\u00a0jelen l\u00e9v\u0151k a k\u00f6tet mellett m\u00e9ltatt\u00e1k a professzor \u00far 80-as \u00e9vekig visszany\u00fal\u00f3 szervezetfejleszt\u00e9si projektjeinek \u2013 kor\u00e1t messze megel\u0151z\u0151 \u00e9s m\u00e1ig hat\u00f3 \u2013 jelent\u0151s\u00e9g\u00e9t.<\/p>\n<p>N\u00e9h\u00e1ny f\u00e9nyk\u00e9p az esem\u00e9nyr\u0151l:<\/p>\n<p><a href=\"https:\/\/semmelweis.hu\/mental\/files\/2018\/06\/VK-1.jpg\"><img loading=\"lazy\" decoding=\"async\" class=\"alignnone size-medium wp-image-611\" src=\"https:\/\/semmelweis.hu\/mental\/files\/2018\/06\/VK-1-300x225.jpg\" alt=\"\" width=\"300\" height=\"225\" srcset=\"https:\/\/semmelweis.hu\/mental\/files\/2018\/06\/VK-1-300x225.jpg 300w, https:\/\/semmelweis.hu\/mental\/files\/2018\/06\/VK-1-768x576.jpg 768w, https:\/\/semmelweis.hu\/mental\/files\/2018\/06\/VK-1-1024x768.jpg 1024w, https:\/\/semmelweis.hu\/mental\/files\/2018\/06\/VK-1-753x565.jpg 753w\" sizes=\"auto, (max-width: 300px) 100vw, 300px\" \/><\/a><\/p>\n<p><a href=\"https:\/\/semmelweis.hu\/mental\/files\/2018\/06\/VK-2.jpg\"><img loading=\"lazy\" decoding=\"async\" class=\"alignnone size-medium wp-image-612\" src=\"https:\/\/semmelweis.hu\/mental\/files\/2018\/06\/VK-2-300x225.jpg\" alt=\"\" width=\"300\" height=\"225\" srcset=\"https:\/\/semmelweis.hu\/mental\/files\/2018\/06\/VK-2-300x225.jpg 300w, https:\/\/semmelweis.hu\/mental\/files\/2018\/06\/VK-2-768x576.jpg 768w, https:\/\/semmelweis.hu\/mental\/files\/2018\/06\/VK-2-1024x768.jpg 1024w, https:\/\/semmelweis.hu\/mental\/files\/2018\/06\/VK-2-753x565.jpg 753w\" sizes=\"auto, (max-width: 300px) 100vw, 300px\" \/><\/a><\/p>\n<p><a href=\"https:\/\/semmelweis.hu\/mental\/files\/2018\/06\/VK-4.jpg\"><img loading=\"lazy\" decoding=\"async\" class=\"alignnone size-medium wp-image-614\" src=\"https:\/\/semmelweis.hu\/mental\/files\/2018\/06\/VK-4-300x225.jpg\" alt=\"\" width=\"300\" height=\"225\" srcset=\"https:\/\/semmelweis.hu\/mental\/files\/2018\/06\/VK-4-300x225.jpg 300w, https:\/\/semmelweis.hu\/mental\/files\/2018\/06\/VK-4-768x576.jpg 768w, https:\/\/semmelweis.hu\/mental\/files\/2018\/06\/VK-4-1024x768.jpg 1024w, https:\/\/semmelweis.hu\/mental\/files\/2018\/06\/VK-4-753x565.jpg 753w\" sizes=\"auto, (max-width: 300px) 100vw, 300px\" \/><\/a><\/p>\n<p><a href=\"https:\/\/semmelweis.hu\/mental\/files\/2018\/06\/VK-3.jpg\"><img loading=\"lazy\" decoding=\"async\" class=\"alignnone size-medium wp-image-613\" src=\"https:\/\/semmelweis.hu\/mental\/files\/2018\/06\/VK-3-300x225.jpg\" alt=\"\" width=\"300\" height=\"225\" srcset=\"https:\/\/semmelweis.hu\/mental\/files\/2018\/06\/VK-3-300x225.jpg 300w, https:\/\/semmelweis.hu\/mental\/files\/2018\/06\/VK-3-768x576.jpg 768w, https:\/\/semmelweis.hu\/mental\/files\/2018\/06\/VK-3-1024x768.jpg 1024w, https:\/\/semmelweis.hu\/mental\/files\/2018\/06\/VK-3-753x565.jpg 753w\" sizes=\"auto, (max-width: 300px) 100vw, 300px\" \/><\/a><\/p>\n","protected":false},"excerpt":{"rendered":"<p>Kiv\u00e9teles szellemi \u00e9lm\u00e9nyben volt r\u00e9sze annak, aki november 19-\u00e9n a Nagyv\u00e1rad t\u00e9ren r\u00e9szt vett Varga K\u00e1roly professzor emeritus\u00a0F\u00e9nyk\u00f6r &#8211; \u00c9rt\u00e9kszociol\u00f3gia, nemzetstrat\u00e9gia c.\u00a0k\u00f6tet\u00e9nek (Akad\u00e9miai Kiad\u00f3, 2013)\u00a0bemutat\u00f3j\u00e1n. A k\u00f6nyvbemutat\u00f3 besz\u00e9lget\u00e9st a Semmelweis Egyetem Ment\u00e1lhigi\u00e9n\u00e9 Int\u00e9zet \u00e9s Eg\u00e9szs\u00e9g\u00fcgyi Menedzserk\u00e9pz\u0151 K\u00f6zpont, valamint a Budapesti Corvinus Egyetem Szervezeti Magatart\u00e1s Tansz\u00e9k (Vezet\u00e9studom\u00e1nyi Int\u00e9zet) k\u00f6z\u00f6sen szervezte, amelyeknek munkat\u00e1rsai k\u00f6z\u00fcl sokan vallj\u00e1k szellemi &hellip;<\/p>\n","protected":false},"author":101265,"featured_media":457,"comment_status":"closed","ping_status":"closed","sticky":false,"template":"","format":"standard","meta":{"_acf_changed":false,"footnotes":""},"categories":[1],"tags":[],"class_list":["post-306","post","type-post","status-publish","format-standard","has-post-thumbnail","hentry","category-hirek"],"acf":[],"_links":{"self":[{"href":"https:\/\/semmelweis.hu\/mental\/wp-json\/wp\/v2\/posts\/306","targetHints":{"allow":["GET"]}}],"collection":[{"href":"https:\/\/semmelweis.hu\/mental\/wp-json\/wp\/v2\/posts"}],"about":[{"href":"https:\/\/semmelweis.hu\/mental\/wp-json\/wp\/v2\/types\/post"}],"author":[{"embeddable":true,"href":"https:\/\/semmelweis.hu\/mental\/wp-json\/wp\/v2\/users\/101265"}],"replies":[{"embeddable":true,"href":"https:\/\/semmelweis.hu\/mental\/wp-json\/wp\/v2\/comments?post=306"}],"version-history":[{"count":3,"href":"https:\/\/semmelweis.hu\/mental\/wp-json\/wp\/v2\/posts\/306\/revisions"}],"predecessor-version":[{"id":2258,"href":"https:\/\/semmelweis.hu\/mental\/wp-json\/wp\/v2\/posts\/306\/revisions\/2258"}],"wp:featuredmedia":[{"embeddable":true,"href":"https:\/\/semmelweis.hu\/mental\/wp-json\/wp\/v2\/media\/457"}],"wp:attachment":[{"href":"https:\/\/semmelweis.hu\/mental\/wp-json\/wp\/v2\/media?parent=306"}],"wp:term":[{"taxonomy":"category","embeddable":true,"href":"https:\/\/semmelweis.hu\/mental\/wp-json\/wp\/v2\/categories?post=306"},{"taxonomy":"post_tag","embeddable":true,"href":"https:\/\/semmelweis.hu\/mental\/wp-json\/wp\/v2\/tags?post=306"}],"curies":[{"name":"wp","href":"https:\/\/api.w.org\/{rel}","templated":true}]}}