{"id":3052,"date":"2019-02-20T10:22:50","date_gmt":"2019-02-20T09:22:50","guid":{"rendered":"http:\/\/semmelweis.hu\/mental\/?p=3052"},"modified":"2019-02-20T10:23:21","modified_gmt":"2019-02-20T09:23:21","slug":"felveteli-felhivas-szocialis-munka-mesterkepzesre-3","status":"publish","type":"post","link":"https:\/\/semmelweis.hu\/mental\/2019\/02\/20\/felveteli-felhivas-szocialis-munka-mesterkepzesre-3\/","title":{"rendered":"FELV\u00c9TELI FELH\u00cdV\u00c1S SZOCI\u00c1LIS MUNKA MESTERK\u00c9PZ\u00c9SRE"},"content":{"rendered":"<p>A Ment\u00e1lhigi\u00e9n\u00e9 Int\u00e9zet 2019. szeptembert\u0151l ind\u00edtja Szoci\u00e1lis munka MA k\u00e9pz\u00e9s\u00e9t, amire 2018. december v\u00e9g\u00e9t\u0151l lehet jelentkezni a www.felvi.hu \u2013n kereszt\u00fcl. A k\u00e9pz\u00e9sr\u0151l \u00e9s a felv\u00e9telir\u0151l tov\u00e1bbi inform\u00e1ci\u00f3 az <a href=\"https:\/\/semmelweis.hu\/mental\/mesterkepzesek\/szocialis-munka\/kepzes-bemutatasa\/\">Int\u00e9zet honlapj\u00e1n<\/a>.<\/p>\n<p><span style=\"color: #ff0000;\">Jelentkez\u00e9si hat\u00e1rid\u0151: 2019.febru\u00e1r 15.<\/span><\/p>\n<p><a href=\"https:\/\/semmelweis.hu\/mental\/files\/2019\/02\/szocilis-munka-MA-2019_1.jpg\"><img loading=\"lazy\" decoding=\"async\" class=\" wp-image-3053 aligncenter\" src=\"https:\/\/semmelweis.hu\/mental\/files\/2019\/02\/szocilis-munka-MA-2019_1-212x300.jpg\" alt=\"\" width=\"267\" height=\"378\" srcset=\"https:\/\/semmelweis.hu\/mental\/files\/2019\/02\/szocilis-munka-MA-2019_1-212x300.jpg 212w, https:\/\/semmelweis.hu\/mental\/files\/2019\/02\/szocilis-munka-MA-2019_1.jpg 595w\" sizes=\"auto, (max-width: 267px) 100vw, 267px\" \/><\/a><\/p>\n","protected":false},"excerpt":{"rendered":"<p>A Ment\u00e1lhigi\u00e9n\u00e9 Int\u00e9zet 2019. szeptembert\u0151l ind\u00edtja Szoci\u00e1lis munka MA k\u00e9pz\u00e9s\u00e9t, amire 2018. december v\u00e9g\u00e9t\u0151l lehet jelentkezni a www.felvi.hu \u2013n kereszt\u00fcl. A k\u00e9pz\u00e9sr\u0151l \u00e9s a felv\u00e9telir\u0151l tov\u00e1bbi inform\u00e1ci\u00f3 az <a href=\"https:\/\/semmelweis.hu\/mental\/mesterkepzesek\/szocialis-munka\/kepzes-bemutatasa\/\">Int\u00e9zet honlapj\u00e1n<\/a>.<br \/>\nJelentkez\u00e9si hat\u00e1rid\u0151: 2019.febru\u00e1r 15.<br \/>\n<a href=\"https:\/\/semmelweis.hu\/mental\/files\/2019\/02\/szocilis-munka-MA-2019_1.jpg\"><\/a><\/p>\n","protected":false},"author":101265,"featured_media":3053,"comment_status":"closed","ping_status":"closed","sticky":false,"template":"","format":"standard","meta":{"_acf_changed":false,"footnotes":""},"categories":[1],"tags":[],"class_list":["post-3052","post","type-post","status-publish","format-standard","has-post-thumbnail","hentry","category-hirek"],"acf":[],"_links":{"self":[{"href":"https:\/\/semmelweis.hu\/mental\/wp-json\/wp\/v2\/posts\/3052","targetHints":{"allow":["GET"]}}],"collection":[{"href":"https:\/\/semmelweis.hu\/mental\/wp-json\/wp\/v2\/posts"}],"about":[{"href":"https:\/\/semmelweis.hu\/mental\/wp-json\/wp\/v2\/types\/post"}],"author":[{"embeddable":true,"href":"https:\/\/semmelweis.hu\/mental\/wp-json\/wp\/v2\/users\/101265"}],"replies":[{"embeddable":true,"href":"https:\/\/semmelweis.hu\/mental\/wp-json\/wp\/v2\/comments?post=3052"}],"version-history":[{"count":1,"href":"https:\/\/semmelweis.hu\/mental\/wp-json\/wp\/v2\/posts\/3052\/revisions"}],"predecessor-version":[{"id":3054,"href":"https:\/\/semmelweis.hu\/mental\/wp-json\/wp\/v2\/posts\/3052\/revisions\/3054"}],"wp:featuredmedia":[{"embeddable":true,"href":"https:\/\/semmelweis.hu\/mental\/wp-json\/wp\/v2\/media\/3053"}],"wp:attachment":[{"href":"https:\/\/semmelweis.hu\/mental\/wp-json\/wp\/v2\/media?parent=3052"}],"wp:term":[{"taxonomy":"category","embeddable":true,"href":"https:\/\/semmelweis.hu\/mental\/wp-json\/wp\/v2\/categories?post=3052"},{"taxonomy":"post_tag","embeddable":true,"href":"https:\/\/semmelweis.hu\/mental\/wp-json\/wp\/v2\/tags?post=3052"}],"curies":[{"name":"wp","href":"https:\/\/api.w.org\/{rel}","templated":true}]}}