{"id":305,"date":"2018-06-08T00:00:00","date_gmt":"2018-06-07T22:00:00","guid":{"rendered":"http:\/\/semmelweis.hu\/mental\/571-felveteli-elokeszito-konzultacio-doktori-kepzesre-jelentkezok-reszere\/"},"modified":"2018-06-19T09:37:22","modified_gmt":"2018-06-19T07:37:22","slug":"felveteli-elokeszito-konzultacio-doktori-kepzesre-jelentkezok-reszere","status":"publish","type":"post","link":"https:\/\/semmelweis.hu\/mental\/2018\/06\/08\/felveteli-elokeszito-konzultacio-doktori-kepzesre-jelentkezok-reszere\/","title":{"rendered":"FELV\u00c9TELI KONZULT\u00c1CI\u00d3 DOKTORI K\u00c9PZ\u00c9SRE JELENTKEZ\u0150K R\u00c9SZ\u00c9RE"},"content":{"rendered":"<p>A doktori k\u00e9pz\u00e9s ir\u00e1nt \u00e9rdekl\u0151d\u0151k sz\u00e1m\u00e1ra <strong><span style=\"color: #ff0000;\">febru\u00e1r 25-\u00e9n d\u00e9lut\u00e1n 16:00-t\u00f3l<\/span><\/strong> felv\u00e9teli el\u0151k\u00e9sz\u00edt\u0151 konzult\u00e1ci\u00f3s alkalmat tartunk a <strong>Nagyv\u00e1rad t\u00e9ren<\/strong>, melyen a r\u00e9sztvev\u0151k megismerik a k\u00e9pz\u00e9s fel\u00e9p\u00edt\u00e9s\u00e9t, a t\u00e9mavezet\u0151ket, valamint a sikeres jelentkez\u00e9s felt\u00e9teleit \u00e9s t\u00e1mogat\u00e1st kaphatnak a doktori k\u00e9pz\u00e9sre val\u00f3 felk\u00e9sz\u00fcl\u00e9shez.<br \/>\n<u>Az alkalomra el\u0151zetes bejelentkez\u00e9s sz\u00fcks\u00e9ges:<\/u> <a href=\"mailto:martos.tamas@public.semmelweis-univ.hu\">martos.tamas@public.semmelweis-univ.hu<\/a><\/p>\n<p><a href=\"https:\/\/semmelweis.hu\/mental\/files\/2018\/06\/Doktori_2015.jpg\"><img loading=\"lazy\" decoding=\"async\" class=\"alignnone size-medium wp-image-428\" src=\"https:\/\/semmelweis.hu\/mental\/files\/2018\/06\/Doktori_2015-229x300.jpg\" alt=\"\" width=\"229\" height=\"300\" srcset=\"https:\/\/semmelweis.hu\/mental\/files\/2018\/06\/Doktori_2015-229x300.jpg 229w, https:\/\/semmelweis.hu\/mental\/files\/2018\/06\/Doktori_2015.jpg 654w\" sizes=\"auto, (max-width: 229px) 100vw, 229px\" \/><\/a><\/p>\n","protected":false},"excerpt":{"rendered":"<p>A doktori k\u00e9pz\u00e9s ir\u00e1nt \u00e9rdekl\u0151d\u0151k sz\u00e1m\u00e1ra febru\u00e1r 25-\u00e9n d\u00e9lut\u00e1n 16:00-t\u00f3l felv\u00e9teli el\u0151k\u00e9sz\u00edt\u0151 konzult\u00e1ci\u00f3s alkalmat tartunk a Nagyv\u00e1rad t\u00e9ren, melyen a r\u00e9sztvev\u0151k megismerik a k\u00e9pz\u00e9s fel\u00e9p\u00edt\u00e9s\u00e9t, a t\u00e9mavezet\u0151ket, valamint a sikeres jelentkez\u00e9s felt\u00e9teleit \u00e9s t\u00e1mogat\u00e1st kaphatnak a doktori k\u00e9pz\u00e9sre val\u00f3 felk\u00e9sz\u00fcl\u00e9shez.<br \/>\nAz alkalomra el\u0151zetes bejelentkez\u00e9s sz\u00fcks\u00e9ges: <a href=\"mailto:martos.tamas@public.semmelweis-univ.hu\">martos.tamas@public.semmelweis-univ.hu<\/a><br \/>\n<a href=\"https:\/\/semmelweis.hu\/mental\/files\/2018\/06\/Doktori_2015.jpg\"><\/a><\/p>\n","protected":false},"author":101265,"featured_media":431,"comment_status":"closed","ping_status":"closed","sticky":false,"template":"","format":"standard","meta":{"_acf_changed":false,"footnotes":""},"categories":[1],"tags":[],"class_list":["post-305","post","type-post","status-publish","format-standard","has-post-thumbnail","hentry","category-hirek"],"acf":[],"_links":{"self":[{"href":"https:\/\/semmelweis.hu\/mental\/wp-json\/wp\/v2\/posts\/305","targetHints":{"allow":["GET"]}}],"collection":[{"href":"https:\/\/semmelweis.hu\/mental\/wp-json\/wp\/v2\/posts"}],"about":[{"href":"https:\/\/semmelweis.hu\/mental\/wp-json\/wp\/v2\/types\/post"}],"author":[{"embeddable":true,"href":"https:\/\/semmelweis.hu\/mental\/wp-json\/wp\/v2\/users\/101265"}],"replies":[{"embeddable":true,"href":"https:\/\/semmelweis.hu\/mental\/wp-json\/wp\/v2\/comments?post=305"}],"version-history":[{"count":3,"href":"https:\/\/semmelweis.hu\/mental\/wp-json\/wp\/v2\/posts\/305\/revisions"}],"predecessor-version":[{"id":2256,"href":"https:\/\/semmelweis.hu\/mental\/wp-json\/wp\/v2\/posts\/305\/revisions\/2256"}],"wp:featuredmedia":[{"embeddable":true,"href":"https:\/\/semmelweis.hu\/mental\/wp-json\/wp\/v2\/media\/431"}],"wp:attachment":[{"href":"https:\/\/semmelweis.hu\/mental\/wp-json\/wp\/v2\/media?parent=305"}],"wp:term":[{"taxonomy":"category","embeddable":true,"href":"https:\/\/semmelweis.hu\/mental\/wp-json\/wp\/v2\/categories?post=305"},{"taxonomy":"post_tag","embeddable":true,"href":"https:\/\/semmelweis.hu\/mental\/wp-json\/wp\/v2\/tags?post=305"}],"curies":[{"name":"wp","href":"https:\/\/api.w.org\/{rel}","templated":true}]}}