{"id":3046,"date":"2019-02-20T10:13:30","date_gmt":"2019-02-20T09:13:30","guid":{"rendered":"http:\/\/semmelweis.hu\/mental\/?p=3046"},"modified":"2019-02-20T10:15:46","modified_gmt":"2019-02-20T09:15:46","slug":"uj-evfolyam-indul-a-lelkigondozo-tovabbkepzesen-2019-szeptembereben","status":"publish","type":"post","link":"https:\/\/semmelweis.hu\/mental\/2019\/02\/20\/uj-evfolyam-indul-a-lelkigondozo-tovabbkepzesen-2019-szeptembereben\/","title":{"rendered":"\u00daJ \u00c9VFOLYAM INDUL A LELKIGONDOZ\u00d3 TOV\u00c1BBK\u00c9PZ\u00c9SEN 2019 SZEPTEMBER\u00c9BEN!"},"content":{"rendered":"<p>Int\u00e9zet\u00fcnk az Evang\u00e9likus Hittudom\u00e1nyi Egyetem \u00e9s a Szent Atan\u00e1z G\u00f6r\u00f6g Katolikus Hittudom\u00e1nyi F\u0151iskola egy\u00fcttm\u0171k\u00f6d\u00e9s\u00e9vel, \u00faj \u00e9vfolyamot ind\u00edt a Ment\u00e1lhigi\u00e9n\u00e9s Lelkigondoz\u00f3 Tov\u00e1bbk\u00e9pz\u00e9si Szakon. A jelentkez\u00e9si lap \u00e9s b\u0151vebb inform\u00e1ci\u00f3k el\u00e9rhet\u0151ek az SE EKK Ment\u00e1lhigi\u00e9n\u00e9 Int\u00e9zet <a href=\"https:\/\/semmelweis.hu\/mental\/szakiranyu-kepzesek\/lelkigondozoi-kepzes\/felvetel-a-kepzesre\/\">honlapj\u00e1n<\/a>.<\/p>\n","protected":false},"excerpt":{"rendered":"<p>Int\u00e9zet\u00fcnk az Evang\u00e9likus Hittudom\u00e1nyi Egyetem \u00e9s a Szent Atan\u00e1z G\u00f6r\u00f6g Katolikus Hittudom\u00e1nyi F\u0151iskola egy\u00fcttm\u0171k\u00f6d\u00e9s\u00e9vel, \u00faj \u00e9vfolyamot ind\u00edt a Ment\u00e1lhigi\u00e9n\u00e9s Lelkigondoz\u00f3 Tov\u00e1bbk\u00e9pz\u00e9si Szakon. A jelentkez\u00e9si lap \u00e9s b\u0151vebb inform\u00e1ci\u00f3k el\u00e9rhet\u0151ek az SE EKK Ment\u00e1lhigi\u00e9n\u00e9 Int\u00e9zet <a href=\"https:\/\/semmelweis.hu\/mental\/szakiranyu-kepzesek\/lelkigondozoi-kepzes\/felvetel-a-kepzesre\/\">honlapj\u00e1n<\/a>.<\/p>\n","protected":false},"author":101265,"featured_media":3048,"comment_status":"closed","ping_status":"closed","sticky":false,"template":"","format":"standard","meta":{"_acf_changed":false,"footnotes":""},"categories":[1],"tags":[],"class_list":["post-3046","post","type-post","status-publish","format-standard","has-post-thumbnail","hentry","category-hirek"],"acf":[],"_links":{"self":[{"href":"https:\/\/semmelweis.hu\/mental\/wp-json\/wp\/v2\/posts\/3046","targetHints":{"allow":["GET"]}}],"collection":[{"href":"https:\/\/semmelweis.hu\/mental\/wp-json\/wp\/v2\/posts"}],"about":[{"href":"https:\/\/semmelweis.hu\/mental\/wp-json\/wp\/v2\/types\/post"}],"author":[{"embeddable":true,"href":"https:\/\/semmelweis.hu\/mental\/wp-json\/wp\/v2\/users\/101265"}],"replies":[{"embeddable":true,"href":"https:\/\/semmelweis.hu\/mental\/wp-json\/wp\/v2\/comments?post=3046"}],"version-history":[{"count":1,"href":"https:\/\/semmelweis.hu\/mental\/wp-json\/wp\/v2\/posts\/3046\/revisions"}],"predecessor-version":[{"id":3047,"href":"https:\/\/semmelweis.hu\/mental\/wp-json\/wp\/v2\/posts\/3046\/revisions\/3047"}],"wp:featuredmedia":[{"embeddable":true,"href":"https:\/\/semmelweis.hu\/mental\/wp-json\/wp\/v2\/media\/3048"}],"wp:attachment":[{"href":"https:\/\/semmelweis.hu\/mental\/wp-json\/wp\/v2\/media?parent=3046"}],"wp:term":[{"taxonomy":"category","embeddable":true,"href":"https:\/\/semmelweis.hu\/mental\/wp-json\/wp\/v2\/categories?post=3046"},{"taxonomy":"post_tag","embeddable":true,"href":"https:\/\/semmelweis.hu\/mental\/wp-json\/wp\/v2\/tags?post=3046"}],"curies":[{"name":"wp","href":"https:\/\/api.w.org\/{rel}","templated":true}]}}