{"id":304,"date":"2018-06-08T00:00:00","date_gmt":"2018-06-07T22:00:00","guid":{"rendered":"http:\/\/semmelweis.hu\/mental\/583-peter-raeymaeckers-eloadasa\/"},"modified":"2018-06-19T09:29:40","modified_gmt":"2018-06-19T07:29:40","slug":"peter-raeymaeckers-eloadasa","status":"publish","type":"post","link":"https:\/\/semmelweis.hu\/mental\/2018\/06\/08\/peter-raeymaeckers-eloadasa\/","title":{"rendered":"ERASMUS+ PROGRAM &#8211; PETER RAEYMAECKERS EL\u0150AD\u00c1SA"},"content":{"rendered":"<p>Int\u00e9zet\u00fcnk szeretettel megh\u00edvja \u00d6nt az ERASMUS+ program t\u00e1mogat\u00e1s\u00e1val \u00e9rkez\u0151 belga szociol\u00f3gus, kutat\u00f3\u00a0<strong>Peter Raeymaeckers<\/strong> <em>\u201cFrom a bird\u2019s eye view: the integration of networks among human service organizations\u201d <\/em>c\u00edm\u0171 el\u0151ad\u00e1s\u00e1ra.<\/p>\n<p>Az el\u0151ad\u00f3 az Antwerpeni Egyetem Szociol\u00f3gia Tansz\u00e9k\u00e9nek docense, egyik f\u0151 kutat\u00e1si ter\u00fclete a szoci\u00e1lis int\u00e9zm\u00e9nyek szervezeti \u00e9s kapcsolati rendszere.<\/p>\n<p>Az el\u0151ad\u00e1st angol nyelv\u0171 m\u0171helymegbesz\u00e9l\u00e9s k\u00f6veti.<\/p>\n<p><strong>Az el\u0151ad\u00e1s ideje:<\/strong> 2015. m\u00e1rcius 5. (cs\u00fct\u00f6rt\u00f6k) 14 \u00f3ra<br \/>\n<strong>Az el\u0151ad\u00e1s helysz\u00edne:<\/strong> SE Eg\u00e9szs\u00e9g\u00fcgyi Menedzserk\u00e9pz\u0151 K\u00f6zpont, Ikerterem\u00a0(1125 Budapest, K\u00fatv\u00f6lgyi \u00fat 2.)<br \/>\n<strong>El\u0151zetes jelentkez\u00e9s: <a href=\"mailto:info.mental@public.semmelweis-univ.hu\">info.mental@public.semmelweis-univ.hu<\/a><\/p>\n","protected":false},"excerpt":{"rendered":"<p>Int\u00e9zet\u00fcnk szeretettel megh\u00edvja \u00d6nt az ERASMUS+ program t\u00e1mogat\u00e1s\u00e1val \u00e9rkez\u0151 belga szociol\u00f3gus, kutat\u00f3\u00a0Peter Raeymaeckers \u201cFrom a bird\u2019s eye view: the integration of networks among human service organizations\u201d c\u00edm\u0171 el\u0151ad\u00e1s\u00e1ra. Az el\u0151ad\u00f3 az Antwerpeni Egyetem Szociol\u00f3gia Tansz\u00e9k\u00e9nek docense, egyik f\u0151 kutat\u00e1si ter\u00fclete a szoci\u00e1lis int\u00e9zm\u00e9nyek szervezeti \u00e9s kapcsolati rendszere. Az el\u0151ad\u00e1st angol nyelv\u0171 m\u0171helymegbesz\u00e9l\u00e9s k\u00f6veti. Az el\u0151ad\u00e1s &hellip;<\/p>\n","protected":false},"author":101265,"featured_media":610,"comment_status":"closed","ping_status":"closed","sticky":false,"template":"","format":"standard","meta":{"_acf_changed":false,"footnotes":""},"categories":[1],"tags":[],"class_list":["post-304","post","type-post","status-publish","format-standard","has-post-thumbnail","hentry","category-hirek"],"acf":[],"_links":{"self":[{"href":"https:\/\/semmelweis.hu\/mental\/wp-json\/wp\/v2\/posts\/304","targetHints":{"allow":["GET"]}}],"collection":[{"href":"https:\/\/semmelweis.hu\/mental\/wp-json\/wp\/v2\/posts"}],"about":[{"href":"https:\/\/semmelweis.hu\/mental\/wp-json\/wp\/v2\/types\/post"}],"author":[{"embeddable":true,"href":"https:\/\/semmelweis.hu\/mental\/wp-json\/wp\/v2\/users\/101265"}],"replies":[{"embeddable":true,"href":"https:\/\/semmelweis.hu\/mental\/wp-json\/wp\/v2\/comments?post=304"}],"version-history":[{"count":3,"href":"https:\/\/semmelweis.hu\/mental\/wp-json\/wp\/v2\/posts\/304\/revisions"}],"predecessor-version":[{"id":2252,"href":"https:\/\/semmelweis.hu\/mental\/wp-json\/wp\/v2\/posts\/304\/revisions\/2252"}],"wp:featuredmedia":[{"embeddable":true,"href":"https:\/\/semmelweis.hu\/mental\/wp-json\/wp\/v2\/media\/610"}],"wp:attachment":[{"href":"https:\/\/semmelweis.hu\/mental\/wp-json\/wp\/v2\/media?parent=304"}],"wp:term":[{"taxonomy":"category","embeddable":true,"href":"https:\/\/semmelweis.hu\/mental\/wp-json\/wp\/v2\/categories?post=304"},{"taxonomy":"post_tag","embeddable":true,"href":"https:\/\/semmelweis.hu\/mental\/wp-json\/wp\/v2\/tags?post=304"}],"curies":[{"name":"wp","href":"https:\/\/api.w.org\/{rel}","templated":true}]}}