{"id":303,"date":"2018-06-08T00:00:00","date_gmt":"2018-06-07T22:00:00","guid":{"rendered":"http:\/\/semmelweis.hu\/mental\/534-antropos-konferencia-ne-maradj-egyedul\/"},"modified":"2018-06-19T09:09:52","modified_gmt":"2018-06-19T07:09:52","slug":"antropos-konferencia-ne-maradj-egyedul","status":"publish","type":"post","link":"https:\/\/semmelweis.hu\/mental\/2018\/06\/08\/antropos-konferencia-ne-maradj-egyedul\/","title":{"rendered":"ANTROPOS KONFERENCIA &#8211; NE MARADJ EGYED\u00dcL!"},"content":{"rendered":"<p><strong style=\"line-height: 1.3em;\">&#8222;Ne maradj egyed\u00fcl! &#8211;\u00a0<\/strong>Elszigetel\u0151d\u00e9s \u00e9s odatartoz\u00e1s a seg\u00edt\u0151 szakm\u00e1ban&#8221; c\u00edmmel ker\u00fclt megrendez\u00e9sre az\u00a0Antropos Ment\u00e1lhygi\u00e9n\u00e9s Egyes\u00fclet, a Magyar P\u00e1sztor\u00e1l-pszichol\u00f3giai T\u00e1rsas\u00e1g\u00a0\u00e9s a Semmelweis Egyetem Ment\u00e1lhigi\u00e9n\u00e9 Int\u00e9zet k\u00f6z\u00f6s szervez\u00e9s\u00e9ben az idei konferencia.<\/p>\n<p>A Patrona Hungariae Katolikus Iskolak\u00f6zpont d\u00edszterm\u00e9ben \u00f6sszegy\u0171lt k\u00f6zel 170 f\u0151s hallgat\u00f3s\u00e1g z\u00f6m\u00e9ben a SE Ment\u00e1lhigi\u00e9n\u00e9 Int\u00e9zet k\u00e9pz\u00e9seinek keret\u00e9ben v\u00e9gzett seg\u00edt\u0151 szakemberekb\u0151l \u00e1llt, akik imm\u00e1ron tizenkettedik alkalommal tal\u00e1lkozhattak egym\u00e1ssal ebben a form\u00e1ban. A konferencia c\u00e9lja ez\u00fattal is a csal\u00e1dias k\u00f6zegben meg\u00e9lt tal\u00e1lkoz\u00e1s, szakmai meger\u0151s\u00f6d\u00e9s, k\u00f6z\u00f6s szellemi-lelki t\u00f6ltekez\u00e9s volt, kiemelt f\u00f3kuszba helyezve id\u00e9n a seg\u00edt\u0151 szakemberek szakmai k\u00f6z\u00f6ss\u00e9geinek fontoss\u00e1g\u00e1t.<\/p>\n<p>Az egybegy\u0171lteket <strong>T\u00e9senyi Timea<\/strong>, az Antropos Ment\u00e1lhygi\u00e9n\u00e9s Egyes\u00fclet eln\u00f6ke k\u00f6sz\u00f6nt\u00f6tte, a konferencia \u00f6tletad\u00f3jak\u00e9nt kiemelve a k\u00f6z\u00f6s \u00f6nk\u00e9ntes \u00f6sszefog\u00e1s erej\u00e9t az amat\u0151r kezdem\u00e9nyez\u00e9sb\u0151l indul\u00f3, m\u00e1ra komoly \u00e9rdekl\u0151d\u00e9sre sz\u00e1mot tart\u00f3, j\u00f3 szakmai sz\u00ednvonalat k\u00e9pvisel\u0151 rendezv\u00e9ny l\u00e9trej\u00f6tt\u00e9ben.<\/p>\n<p>Az els\u0151 el\u0151ad\u00f3, <strong>Dr. D\u00e1vid Be\u00e1ta<\/strong> szociol\u00f3gus, a SE Ment\u00e1lhigi\u00e9n\u00e9 Int\u00e9zet igazgat\u00f3ja aktu\u00e1lis kutat\u00e1sokon kereszt\u00fcl mutatta be a magyar t\u00e1rsadalomban megjelen\u0151 civil aktivit\u00e1s alacsony ar\u00e1ny\u00e1t \u00e9s az egyed\u00fcl \u00e9l\u0151k sz\u00e1m\u00e1nak a fiatalabb koroszt\u00e1lyokban is megjelen\u0151, aggodalomra okot ad\u00f3 n\u00f6veked\u00e9s\u00e9t. R\u00e1vil\u00e1g\u00edtott arra is, hogy a szem\u00e9lyis\u00e9g eg\u00e9szs\u00e9ges fejl\u0151d\u00e9s\u00e9hez sz\u00fcks\u00e9g van az egy\u00e9n \u00e9rdekeit meghalad\u00f3 k\u00f6z\u00f6ss\u00e9gi \u00e9rt\u00e9kek \u00e9rdek\u00e9ben kifejtett \u00f6nk\u00e9ntes aktivit\u00e1sra. El\u0151ad\u00e1s\u00e1nak z\u00e1r\u00f3gondolataiban kiemelte a seg\u00edt\u0151 szakemberek elengedhetetlen szerep\u00e9t ezen k\u00f6z\u00f6ss\u00e9gi \u00e9rz\u00e9kenys\u00e9g fejleszt\u00e9s\u00e9ben.<\/p>\n<p><strong>Dr. \u00d3nody Sarolta<\/strong> pszichi\u00e1ter, pszichoterapeuta el\u0151ad\u00e1s\u00e1ban az \u00e9nstrukt\u00fara- \u00e9s k\u00f6t\u0151d\u00e9selm\u00e9leti modellek bemutat\u00e1sa \u00e1ltal \u00e9rz\u00e9keltette, hogyan terhel\u0151dik meg a klienskapcsolatban seg\u00edt\u0151 \u00e9n\u00fcnk.<\/p>\n<p>N\u00e9h\u00e1ny r\u00e9sztvev\u0151 seg\u00edts\u00e9g\u00e9vel szeml\u00e9ltette, mit tehet a seg\u00edt\u0151 a ki\u00e9g\u00e9s elker\u00fcl\u00e9se \u00e9rdek\u00e9ben a kliens \u00e9rz\u00e9seinek bels\u0151 \u00e1tdolgoz\u00e1s\u00e1val illetve a szakmai seg\u00edts\u00e9g, az interv\u00edzi\u00f3 \u00e9s a szuperv\u00edzi\u00f3 ig\u00e9nybev\u00e9tel\u00e9vel.<\/p>\n<p><strong>V\u00e1s\u00e1rhelyi Anzelm<\/strong> OSB szerzetes, lelkigondoz\u00f3 szem\u00e9lyes hangv\u00e9tel\u0171 el\u0151ad\u00e1s\u00e1n abba a folyamatba engedett bepillant\u00e1st, ahogy az egy\u00e9n lelkigondoz\u00f3i munk\u00e1j\u00e1nak h\u00e1tter\u00e9t ad\u00f3 szerzetesk\u00f6z\u00f6ss\u00e9g kialakul, fejl\u0151dik, \u00e9s a kr\u00edzishelyzetekkel megk\u00fczdve a meger\u0151s\u00edt\u00e9s \u00e9s biztons\u00e1g hely\u00e9v\u00e9 v\u00e1lhat tagjai sz\u00e1m\u00e1ra. Szeml\u00e9let\u00e9vel p\u00e9ld\u00e1t adott az egy\u00e9n \u00e9s k\u00f6z\u00f6ss\u00e9g k\u00f6z\u00f6s fejl\u0151d\u00e9s\u00e9t szolg\u00e1l\u00f3 egy\u00fcttm\u0171k\u00f6d\u00e9sre.<\/p>\n<p>A d\u00e9lel\u0151tti programot a <strong>Jazzation egy\u00fcttes<\/strong> sz\u00ednes acapella koncertje z\u00e1rta.<\/p>\n<p>A nap m\u00e1sodik fel\u00e9ben a r\u00e9szvev\u0151k szakmai \u00e9rdekl\u0151d\u00e9s\u00fcknek megfelel\u0151en v\u00e1laszthattak a pszichodr\u00e1ma, bibliodr\u00e1ma, szupervizi\u00f3, \u00f6nszuperv\u00edzi\u00f3, \u00e9lm\u00e9nytr\u00e9ning, mozg\u00e1s- t\u00e1ncter\u00e1pia, m\u0171v\u00e9szetter\u00e1pia m\u00f3dszereivel dolgoz\u00f3, neves szakemberek \u00e1ltal vezetett m\u0171helyek k\u00f6z\u00fcl.<\/p>\n<p style=\"text-align: left;\" align=\"center\">A rendezv\u00e9ny csal\u00e1dias k\u00f6zegben meg\u00e9lt szellemi-lelki t\u00f6lt\u0151d\u00e9st, megpihen\u00e9st, m\u00e9ly \u00e9lm\u00e9nyeket \u00e9s \u00e9rt\u00e9kes tal\u00e1lkoz\u00e1sokat adott az oda\u00e9rkez\u0151knek. A szervez\u0151k rem\u00e9nyei szerint a jelenl\u00e9v\u0151k a konferencia \u00e9lm\u00e9nyei \u00e9s tanuls\u00e1gai \u00e1ltal meger\u0151s\u00f6dve t\u00e9rhettek vissza szakmai munk\u00e1jukba, kell\u0151 ind\u00edttat\u00e1st nyerve az \u0151ket megtart\u00f3 \u00e9s fejleszt\u0151 szakmai k\u00f6z\u00f6ss\u00e9gek fontoss\u00e1g\u00e1nak felismer\u00e9s\u00e9re \u00e9s az azokban val\u00f3 egy\u00fcttm\u0171k\u00f6d\u00e9s lehet\u0151s\u00e9geinek keres\u00e9s\u00e9re.<\/p>\n<p><a href=\"https:\/\/semmelweis.hu\/mental\/files\/2018\/06\/Antropos20150228.jpg\"><img loading=\"lazy\" decoding=\"async\" class=\"alignnone size-medium wp-image-406\" src=\"https:\/\/semmelweis.hu\/mental\/files\/2018\/06\/Antropos20150228-300x200.jpg\" alt=\"\" width=\"300\" height=\"200\" srcset=\"https:\/\/semmelweis.hu\/mental\/files\/2018\/06\/Antropos20150228-300x200.jpg 300w, https:\/\/semmelweis.hu\/mental\/files\/2018\/06\/Antropos20150228-768x512.jpg 768w, https:\/\/semmelweis.hu\/mental\/files\/2018\/06\/Antropos20150228-1024x683.jpg 1024w, https:\/\/semmelweis.hu\/mental\/files\/2018\/06\/Antropos20150228-753x502.jpg 753w, https:\/\/semmelweis.hu\/mental\/files\/2018\/06\/Antropos20150228-203x135.jpg 203w, https:\/\/semmelweis.hu\/mental\/files\/2018\/06\/Antropos20150228.jpg 2048w\" sizes=\"auto, (max-width: 300px) 100vw, 300px\" \/><\/a><\/p>\n<p><a href=\"https:\/\/semmelweis.hu\/mental\/files\/2018\/06\/IMG_2893.jpg\"><img loading=\"lazy\" decoding=\"async\" class=\"alignnone size-medium wp-image-481\" src=\"https:\/\/semmelweis.hu\/mental\/files\/2018\/06\/IMG_2893-300x200.jpg\" alt=\"\" width=\"300\" height=\"200\" srcset=\"https:\/\/semmelweis.hu\/mental\/files\/2018\/06\/IMG_2893-300x200.jpg 300w, https:\/\/semmelweis.hu\/mental\/files\/2018\/06\/IMG_2893-768x512.jpg 768w, https:\/\/semmelweis.hu\/mental\/files\/2018\/06\/IMG_2893-1024x683.jpg 1024w, https:\/\/semmelweis.hu\/mental\/files\/2018\/06\/IMG_2893-753x502.jpg 753w, https:\/\/semmelweis.hu\/mental\/files\/2018\/06\/IMG_2893-203x135.jpg 203w\" sizes=\"auto, (max-width: 300px) 100vw, 300px\" \/><\/a><\/p>\n<p>Csatolt dokumentumok (1)<br \/>\n&#8211; <a href=\"https:\/\/semmelweis.hu\/mental\/files\/2018\/06\/Konferencia-program-2015.pdf\" target=\"_blank\" rel=\"noopener\">Konferencia program<\/a><\/p>\n","protected":false},"excerpt":{"rendered":"<p>&#8222;Ne maradj egyed\u00fcl! &#8211;\u00a0Elszigetel\u0151d\u00e9s \u00e9s odatartoz\u00e1s a seg\u00edt\u0151 szakm\u00e1ban&#8221; c\u00edmmel ker\u00fclt megrendez\u00e9sre az\u00a0Antropos Ment\u00e1lhygi\u00e9n\u00e9s Egyes\u00fclet, a Magyar P\u00e1sztor\u00e1l-pszichol\u00f3giai T\u00e1rsas\u00e1g\u00a0\u00e9s a Semmelweis Egyetem Ment\u00e1lhigi\u00e9n\u00e9 Int\u00e9zet k\u00f6z\u00f6s szervez\u00e9s\u00e9ben az idei konferencia. A Patrona Hungariae Katolikus Iskolak\u00f6zpont d\u00edszterm\u00e9ben \u00f6sszegy\u0171lt k\u00f6zel 170 f\u0151s hallgat\u00f3s\u00e1g z\u00f6m\u00e9ben a SE Ment\u00e1lhigi\u00e9n\u00e9 Int\u00e9zet k\u00e9pz\u00e9seinek keret\u00e9ben v\u00e9gzett seg\u00edt\u0151 szakemberekb\u0151l \u00e1llt, akik imm\u00e1ron tizenkettedik alkalommal &hellip;<\/p>\n","protected":false},"author":101265,"featured_media":480,"comment_status":"closed","ping_status":"closed","sticky":false,"template":"","format":"standard","meta":{"_acf_changed":false,"footnotes":""},"categories":[1],"tags":[],"class_list":["post-303","post","type-post","status-publish","format-standard","has-post-thumbnail","hentry","category-hirek"],"acf":[],"_links":{"self":[{"href":"https:\/\/semmelweis.hu\/mental\/wp-json\/wp\/v2\/posts\/303","targetHints":{"allow":["GET"]}}],"collection":[{"href":"https:\/\/semmelweis.hu\/mental\/wp-json\/wp\/v2\/posts"}],"about":[{"href":"https:\/\/semmelweis.hu\/mental\/wp-json\/wp\/v2\/types\/post"}],"author":[{"embeddable":true,"href":"https:\/\/semmelweis.hu\/mental\/wp-json\/wp\/v2\/users\/101265"}],"replies":[{"embeddable":true,"href":"https:\/\/semmelweis.hu\/mental\/wp-json\/wp\/v2\/comments?post=303"}],"version-history":[{"count":4,"href":"https:\/\/semmelweis.hu\/mental\/wp-json\/wp\/v2\/posts\/303\/revisions"}],"predecessor-version":[{"id":2238,"href":"https:\/\/semmelweis.hu\/mental\/wp-json\/wp\/v2\/posts\/303\/revisions\/2238"}],"wp:featuredmedia":[{"embeddable":true,"href":"https:\/\/semmelweis.hu\/mental\/wp-json\/wp\/v2\/media\/480"}],"wp:attachment":[{"href":"https:\/\/semmelweis.hu\/mental\/wp-json\/wp\/v2\/media?parent=303"}],"wp:term":[{"taxonomy":"category","embeddable":true,"href":"https:\/\/semmelweis.hu\/mental\/wp-json\/wp\/v2\/categories?post=303"},{"taxonomy":"post_tag","embeddable":true,"href":"https:\/\/semmelweis.hu\/mental\/wp-json\/wp\/v2\/tags?post=303"}],"curies":[{"name":"wp","href":"https:\/\/api.w.org\/{rel}","templated":true}]}}