{"id":302,"date":"2018-06-08T00:00:00","date_gmt":"2018-06-07T22:00:00","guid":{"rendered":"http:\/\/semmelweis.hu\/mental\/584-tudomanyos-kave-lelkeszi-eletpalyamodell\/"},"modified":"2018-06-19T09:24:55","modified_gmt":"2018-06-19T07:24:55","slug":"tudomanyos-kave-lelkeszi-eletpalyamodell","status":"publish","type":"post","link":"https:\/\/semmelweis.hu\/mental\/2018\/06\/08\/tudomanyos-kave-lelkeszi-eletpalyamodell\/","title":{"rendered":"TUDOM\u00c1NYOS K\u00c1V\u00c9 &#8211; LELK\u00c9SZI \u00c9LETP\u00c1LYAMODELL"},"content":{"rendered":"<p>A k\u00f6vetkez\u0151 Tudom\u00e1nyos K\u00e1V\u00e9 megrendez\u00e9s\u00e9re\u00a0<strong>2015. m\u00e1rcius 11-\u00e9n\u00a0<\/strong>reggel 8:30-t\u00f3l ker\u00fcl sor a Nagyv\u00e1rad t\u00e9ren. Mostani t\u00e9m\u00e1nk:\u00a0Lelk\u00e9szi \u00e9letp\u00e1lyamodell a Magyarorsz\u00e1gi Evang\u00e9likus Egyh\u00e1zban &#8211; a kialak\u00edt\u00e1s alapk\u00e9rd\u00e9sei. El\u0151ad\u00f3k:\u00a0<strong>Kendeh K. P\u00e9ter &#8211; Dr. Jo\u00f3b M\u00e1t\u00e9<\/strong><\/p>\n<div>\n<p>Helysz\u00edn: Nagyv\u00e1rad t\u00e9ri Elm\u00e9leti T\u00f6mb, f\u00f6ldszint 81-es terem<\/p>\n<p>Minden mutat\u00f3, ami az \u00fan. t\u00f6rt\u00e9nelmi egyh\u00e1zaknak a magyar t\u00e1rsadalomban v\u00e9gzett k\u00fcldet\u00e9s\u00e9t &#8222;m\u00e9ri&#8221;, a hat\u00e9konys\u00e1g cs\u00f6kken\u00e9s\u00e9t mutatja (pl. bels\u0151 statisztik\u00e1k a keresztel\u00e9sek, konfirm\u00e1ci\u00f3k sz\u00e1m\u00e1r\u00f3l, n\u00e9psz\u00e1ml\u00e1l\u00e1s, szja 1%-\u00e1nak felaj\u00e1nl\u00e1sa). Sok m\u00e1s t\u00e9nyez\u0151 mellett megker\u00fclhetetlen ezen tendencia okainak felkutat\u00e1s\u00e1ban az egyh\u00e1z legalapvet\u0151bb funkci\u00f3inak, \u00edgy k\u00fcl\u00f6n\u00f6sen a lelk\u00e9szi szolg\u00e1lat vizsg\u00e1lata. Milyen kih\u00edv\u00e1sokkal szembes\u00fcl ma a lelk\u00e9szi szolg\u00e1lat \u00e9s erre milyen &#8222;hivatalos&#8221; \u00e9s nem hivatalos v\u00e1laszok sz\u00fcletnek egy-egy egyh\u00e1zban &#8211; jeles\u00fcl a Magyarorsz\u00e1gi Evang\u00e9likus Egyh\u00e1zban? Melyek azok a kompetenci\u00e1k, amelyek hitelesebb\u00e9, megsz\u00f3l\u00edthat\u00f3bb\u00e1 \u00e9s megsz\u00f3l\u00edt\u00f3bb\u00e1 teszi a lelk\u00e9szi szolg\u00e1latot? Rendelkezik-e ezekkel a kompetenci\u00e1kkal a lelk\u00e9szi kar, \u00e9s ha igen, van-e lehet\u0151s\u00e9ge, hogy ezek ment\u00e9n folytassa hivat\u00e1s\u00e1t? Mit\u0151l-kit\u0151l f\u00fcgg, hogy az elv\u00e1rhat\u00f3 kompetenci\u00e1k \u00e9rv\u00e9nyre juthassanak, \u00e9s azok hat\u00e1rozz\u00e1k meg az egyh\u00e1z alapvet\u0151 szolg\u00e1lat\u00e1t, arculat\u00e1t?<\/p>\n<\/div>\n<div><\/div>\n<div>A k\u00e9rd\u00e9sekre csak az egyik lehets\u00e9ges v\u00e1lasz egy val\u00f3s lelk\u00e9szi \u00e9letp\u00e1lyamodell megalkot\u00e1sa \u00e9s bevezet\u00e9se, mindenesetre ennek sikeress\u00e9ge alapvet\u0151en hat\u00e1rozhatja meg egy egyh\u00e1zi k\u00f6z\u00f6ss\u00e9g k\u00f6z\u00e9pt\u00e1v\u00fa j\u00f6v\u0151j\u00e9t. Meggy\u0151z\u0151d\u00e9s\u00fcnk, hogy egy \u00e9letp\u00e1lyamodell megalkothat\u00f3 ment\u00e1lhigi\u00e9n\u00e9s szeml\u00e9lettel, amely garant\u00e1lja a pozit\u00edv megk\u00f6zel\u00edt\u00e9st, az anyagi elismer\u00e9sen t\u00fali, m\u00e9lyebb motiv\u00e1ci\u00f3s t\u00e9nyez\u0151k be\u00e9p\u00edt\u00e9s\u00e9t \u00e9s az egy k\u00f6z\u00f6ss\u00e9ghez tartoz\u00e1s tudat\u00e1b\u00f3l megsz\u00fclet\u0151 elk\u00f6telez\u0151d\u00e9st.<\/div>\n<div><\/div>\n<div>A Tudom\u00e1nyos K\u00e1V\u00e9n<br \/>\n&#8211; a koncepci\u00f3 r\u00f6vid ismertet\u00e9se ut\u00e1n<br \/>\n&#8211; bemutat\u00e1sra ker\u00fcl annak a szociol\u00f3giai felm\u00e9r\u00e9snek a lelk\u00e9szi szolg\u00e1latr\u00f3l sz\u00f3l\u00f3 r\u00e9sze, amely a Magyarorsz\u00e1gi Evang\u00e9likus Egyh\u00e1z strat\u00e9gi\u00e1j\u00e1nak megalkot\u00e1sakor sz\u00fcletett, \u00e9s<br \/>\n&#8211; a r\u00e9sztvev\u0151k\u00a0k\u00f6r\u00fclj\u00e1rj\u00e1k\u00a0az \u00e9letp\u00e1lyamodell megalkot\u00e1sa el\u0151tt sz\u00fcks\u00e9ges tov\u00e1bbi\u00a0kutat\u00e1sok m\u00f3dszertani \u00e9s tartalmi k\u00e9rd\u00e9seit.<\/div>\n","protected":false},"excerpt":{"rendered":"<p>A k\u00f6vetkez\u0151 Tudom\u00e1nyos K\u00e1V\u00e9 megrendez\u00e9s\u00e9re\u00a02015. m\u00e1rcius 11-\u00e9n\u00a0reggel 8:30-t\u00f3l ker\u00fcl sor a Nagyv\u00e1rad t\u00e9ren. Mostani t\u00e9m\u00e1nk:\u00a0Lelk\u00e9szi \u00e9letp\u00e1lyamodell a Magyarorsz\u00e1gi Evang\u00e9likus Egyh\u00e1zban &#8211; a kialak\u00edt\u00e1s alapk\u00e9rd\u00e9sei. El\u0151ad\u00f3k:\u00a0Kendeh K. P\u00e9ter &#8211; Dr. Jo\u00f3b M\u00e1t\u00e9 Helysz\u00edn: Nagyv\u00e1rad t\u00e9ri Elm\u00e9leti T\u00f6mb, f\u00f6ldszint 81-es terem Minden mutat\u00f3, ami az \u00fan. t\u00f6rt\u00e9nelmi egyh\u00e1zaknak a magyar t\u00e1rsadalomban v\u00e9gzett k\u00fcldet\u00e9s\u00e9t &#8222;m\u00e9ri&#8221;, a hat\u00e9konys\u00e1g cs\u00f6kken\u00e9s\u00e9t &hellip;<\/p>\n","protected":false},"author":101265,"featured_media":2249,"comment_status":"closed","ping_status":"closed","sticky":false,"template":"","format":"standard","meta":{"_acf_changed":false,"footnotes":""},"categories":[1],"tags":[],"class_list":["post-302","post","type-post","status-publish","format-standard","has-post-thumbnail","hentry","category-hirek"],"acf":[],"_links":{"self":[{"href":"https:\/\/semmelweis.hu\/mental\/wp-json\/wp\/v2\/posts\/302","targetHints":{"allow":["GET"]}}],"collection":[{"href":"https:\/\/semmelweis.hu\/mental\/wp-json\/wp\/v2\/posts"}],"about":[{"href":"https:\/\/semmelweis.hu\/mental\/wp-json\/wp\/v2\/types\/post"}],"author":[{"embeddable":true,"href":"https:\/\/semmelweis.hu\/mental\/wp-json\/wp\/v2\/users\/101265"}],"replies":[{"embeddable":true,"href":"https:\/\/semmelweis.hu\/mental\/wp-json\/wp\/v2\/comments?post=302"}],"version-history":[{"count":3,"href":"https:\/\/semmelweis.hu\/mental\/wp-json\/wp\/v2\/posts\/302\/revisions"}],"predecessor-version":[{"id":2250,"href":"https:\/\/semmelweis.hu\/mental\/wp-json\/wp\/v2\/posts\/302\/revisions\/2250"}],"wp:featuredmedia":[{"embeddable":true,"href":"https:\/\/semmelweis.hu\/mental\/wp-json\/wp\/v2\/media\/2249"}],"wp:attachment":[{"href":"https:\/\/semmelweis.hu\/mental\/wp-json\/wp\/v2\/media?parent=302"}],"wp:term":[{"taxonomy":"category","embeddable":true,"href":"https:\/\/semmelweis.hu\/mental\/wp-json\/wp\/v2\/categories?post=302"},{"taxonomy":"post_tag","embeddable":true,"href":"https:\/\/semmelweis.hu\/mental\/wp-json\/wp\/v2\/tags?post=302"}],"curies":[{"name":"wp","href":"https:\/\/api.w.org\/{rel}","templated":true}]}}