{"id":301,"date":"2018-06-08T00:00:00","date_gmt":"2018-06-07T22:00:00","guid":{"rendered":"http:\/\/semmelweis.hu\/mental\/586-ekk-bemutatkozasa-a-semmelweis-kutatoi-szalonban\/"},"modified":"2018-06-19T09:21:41","modified_gmt":"2018-06-19T07:21:41","slug":"ekk-bemutatkozasa-a-semmelweis-kutatoi-szalonban","status":"publish","type":"post","link":"https:\/\/semmelweis.hu\/mental\/2018\/06\/08\/ekk-bemutatkozasa-a-semmelweis-kutatoi-szalonban\/","title":{"rendered":"INT\u00c9ZET\u00dcNK BEMUTATKOZ\u00c1SA A SEMMELWEIS KUTAT\u00d3I SZALONBAN"},"content":{"rendered":"<p>A <a href=\"https:\/\/semmelweis.hu\/kutatas\/tudomanyos-rendezvenyek\/kutatoi-szalon\/\" target=\"_blank\" rel=\"noopener\">Semmelweis Kutat\u00f3i Szalon<\/a>\u00a0a Semmelweis Egyetem elit tudom\u00e1nyos f\u00f3ruma.\u00a0A Szalon m\u00e1rciusi 3-i alkalm\u00e1n\u00a0az Eg\u00e9szs\u00e9g\u00fcgyi K\u00f6zszolg\u00e1lati Kar (EKK) int\u00e9zeteinek kutat\u00e1si projektjei \u00e9s strat\u00e9giai ir\u00e1nyai ker\u00fcltek bemutat\u00e1sra.<\/p>\n<p>Dr. Moln\u00e1r M\u00e1ria Judit tudom\u00e1nyos rektorhelyettes\u00a0k\u00f6sz\u00f6nt\u0151j\u00e9ben \u00fagy fogalmazott, hogy a gy\u00f3gy\u00edt\u00e1s \u00e9s a kutat\u00e1s mellett egyre fontosabb az a strat\u00e9giai szeml\u00e9let is, amit az EKK Int\u00e9zeteiben saj\u00e1t\u00edthatnak el a hallgat\u00f3k.<br \/>\nInt\u00e9zet\u00fcnk szerep\u00e9t, a testi-lelki eg\u00e9szs\u00e9get \u00e9rint\u0151 kutat\u00e1si ter\u00fcleteket, kutat\u00e1si eredm\u00e9nyeket Dr. Pethesn\u00e9 D\u00e1vid Be\u00e1ta igazgat\u00f3, Dr. Martos Tam\u00e1s egyetemi docens \u00e9s Dr. T\u00f6r\u00f6k P\u00e9ter egyetemi docens ismertette.<\/p>\n<p>Az esem\u00e9nyr\u0151l b\u0151vebben a Semmelweis H\u00edrek k\u00f6z\u00f6tt olvashatnak: <a href=\"https:\/\/semmelweis.hu\/hirek\/2015\/03\/11\/az-oteves-ekk-eredmenyeit-mutattak-be-a-kutatoi-szalonban\/\" target=\"_blank\" rel=\"noopener\">Az \u00f6t\u00e9ves EKK eredm\u00e9nyeit mutatt\u00e1k be a Kutat\u00f3i Szalonban.<\/a><\/p>\n","protected":false},"excerpt":{"rendered":"<p>A <a href=\"https:\/\/semmelweis.hu\/kutatas\/tudomanyos-rendezvenyek\/kutatoi-szalon\/\" target=\"_blank\" rel=\"noopener\">Semmelweis Kutat\u00f3i Szalon<\/a> \u00a0a Semmelweis Egyetem elit tudom\u00e1nyos f\u00f3ruma.\u00a0A Szalon m\u00e1rciusi 3-i alkalm\u00e1n\u00a0az Eg\u00e9szs\u00e9g\u00fcgyi K\u00f6zszolg\u00e1lati Kar (EKK) int\u00e9zeteinek kutat\u00e1si projektjei \u00e9s strat\u00e9giai ir\u00e1nyai ker\u00fcltek bemutat\u00e1sra. Dr. Moln\u00e1r M\u00e1ria Judit tudom\u00e1nyos rektorhelyettes\u00a0k\u00f6sz\u00f6nt\u0151j\u00e9ben \u00fagy fogalmazott, hogy a gy\u00f3gy\u00edt\u00e1s \u00e9s a kutat\u00e1s mellett egyre fontosabb az a strat\u00e9giai szeml\u00e9let is, amit az EKK Int\u00e9zeteiben saj\u00e1t\u00edthatnak el a hallgat\u00f3k. Int\u00e9zet\u00fcnk szerep\u00e9t, &hellip;<\/p>\n","protected":false},"author":101265,"featured_media":504,"comment_status":"closed","ping_status":"closed","sticky":false,"template":"","format":"standard","meta":{"_acf_changed":false,"footnotes":""},"categories":[1],"tags":[],"class_list":["post-301","post","type-post","status-publish","format-standard","has-post-thumbnail","hentry","category-hirek"],"acf":[],"_links":{"self":[{"href":"https:\/\/semmelweis.hu\/mental\/wp-json\/wp\/v2\/posts\/301","targetHints":{"allow":["GET"]}}],"collection":[{"href":"https:\/\/semmelweis.hu\/mental\/wp-json\/wp\/v2\/posts"}],"about":[{"href":"https:\/\/semmelweis.hu\/mental\/wp-json\/wp\/v2\/types\/post"}],"author":[{"embeddable":true,"href":"https:\/\/semmelweis.hu\/mental\/wp-json\/wp\/v2\/users\/101265"}],"replies":[{"embeddable":true,"href":"https:\/\/semmelweis.hu\/mental\/wp-json\/wp\/v2\/comments?post=301"}],"version-history":[{"count":3,"href":"https:\/\/semmelweis.hu\/mental\/wp-json\/wp\/v2\/posts\/301\/revisions"}],"predecessor-version":[{"id":2247,"href":"https:\/\/semmelweis.hu\/mental\/wp-json\/wp\/v2\/posts\/301\/revisions\/2247"}],"wp:featuredmedia":[{"embeddable":true,"href":"https:\/\/semmelweis.hu\/mental\/wp-json\/wp\/v2\/media\/504"}],"wp:attachment":[{"href":"https:\/\/semmelweis.hu\/mental\/wp-json\/wp\/v2\/media?parent=301"}],"wp:term":[{"taxonomy":"category","embeddable":true,"href":"https:\/\/semmelweis.hu\/mental\/wp-json\/wp\/v2\/categories?post=301"},{"taxonomy":"post_tag","embeddable":true,"href":"https:\/\/semmelweis.hu\/mental\/wp-json\/wp\/v2\/tags?post=301"}],"curies":[{"name":"wp","href":"https:\/\/api.w.org\/{rel}","templated":true}]}}