{"id":300,"date":"2018-06-08T00:00:00","date_gmt":"2018-06-07T22:00:00","guid":{"rendered":"http:\/\/semmelweis.hu\/mental\/567-2015-semmelweis-ignac-eve\/"},"modified":"2018-06-19T09:18:11","modified_gmt":"2018-06-19T07:18:11","slug":"2015-semmelweis-ignac-eve","status":"publish","type":"post","link":"https:\/\/semmelweis.hu\/mental\/2018\/06\/08\/2015-semmelweis-ignac-eve\/","title":{"rendered":"2015 &#8211; SEMMELWEIS IGN\u00c1C (1818-1865) EML\u00c9K\u00c9V"},"content":{"rendered":"<p>2015 Nemzetk\u00f6zi Semmelweis eml\u00e9k\u00e9v, miut\u00e1n a Magyar UNESCO Bizotts\u00e1g javaslat\u00e1ra, az UNESCO \u00c1ltal\u00e1nos Konferenci\u00e1ja Semmelweis Ign\u00e1c hal\u00e1l\u00e1nak 150. \u00e9vfordul\u00f3j\u00e1t felvette a meg\u00fcnnepl\u00e9sre m\u00e9lt\u00f3 \u00e9vfordul\u00f3k k\u00f6z\u00e9.<\/p>\n<p>\u201eSemmelweis Ign\u00e1c az orvostudom\u00e1ny egyik legnagyobb alakja, neve az egyetem egyik legnagyobb \u00e9rt\u00e9ke is. A Semmelweis n\u00e9v m\u00e9lt\u00f3s\u00e1got \u00e9s elismerts\u00e9get ad az egyetemnek, hihetetlen vonzer\u0151 a k\u00fclf\u00f6ldi hallgat\u00f3k sz\u00e1m\u00e1ra is, de ugyan\u00edgy az egyetem kiv\u00e1l\u00f3s\u00e1ga \u00e9s nemzetk\u00f6zi h\u00edrneve visszahat\u00f3an er\u0151s\u00edti Semmelweis \u00f6r\u00f6ks\u00e9g\u00e9t, \u00e9s seg\u00edt abban, hogy min\u00e9l sz\u00e9lesebb k\u00f6rben megismerj\u00e9k a vil\u00e1gban\u201d \u2013 fogalmazott Dr. Sz\u00e9l \u00c1goston.<\/p>\n<p>Semmelweis Ign\u00e1c eml\u00e9k\u00e9t, szellemi hagyat\u00e9k\u00e1t kegyelettel \u0151rzi \u00e9s \u00e1polja egyetem\u00fcnk.<\/p>\n<p><a href=\"https:\/\/semmelweis.hu\/mental\/files\/2018\/06\/semmelweis-Ignc.jpg\"><img loading=\"lazy\" decoding=\"async\" class=\"alignnone size-medium wp-image-570\" src=\"https:\/\/semmelweis.hu\/mental\/files\/2018\/06\/semmelweis-Ignc-230x300.jpg\" alt=\"\" width=\"230\" height=\"300\" srcset=\"https:\/\/semmelweis.hu\/mental\/files\/2018\/06\/semmelweis-Ignc-230x300.jpg 230w, https:\/\/semmelweis.hu\/mental\/files\/2018\/06\/semmelweis-Ignc.jpg 460w\" sizes=\"auto, (max-width: 230px) 100vw, 230px\" \/><\/a><\/p>\n","protected":false},"excerpt":{"rendered":"<p>2015 Nemzetk\u00f6zi Semmelweis eml\u00e9k\u00e9v, miut\u00e1n a Magyar UNESCO Bizotts\u00e1g javaslat\u00e1ra, az UNESCO \u00c1ltal\u00e1nos Konferenci\u00e1ja Semmelweis Ign\u00e1c hal\u00e1l\u00e1nak 150. \u00e9vfordul\u00f3j\u00e1t felvette a meg\u00fcnnepl\u00e9sre m\u00e9lt\u00f3 \u00e9vfordul\u00f3k k\u00f6z\u00e9. \u201eSemmelweis Ign\u00e1c az orvostudom\u00e1ny egyik legnagyobb alakja, neve az egyetem egyik legnagyobb \u00e9rt\u00e9ke is. A Semmelweis n\u00e9v m\u00e9lt\u00f3s\u00e1got \u00e9s elismerts\u00e9get ad az egyetemnek, hihetetlen vonzer\u0151 a k\u00fclf\u00f6ldi hallgat\u00f3k sz\u00e1m\u00e1ra is, &hellip;<\/p>\n","protected":false},"author":101265,"featured_media":570,"comment_status":"closed","ping_status":"closed","sticky":false,"template":"","format":"standard","meta":{"_acf_changed":false,"footnotes":""},"categories":[1],"tags":[],"class_list":["post-300","post","type-post","status-publish","format-standard","has-post-thumbnail","hentry","category-hirek"],"acf":[],"_links":{"self":[{"href":"https:\/\/semmelweis.hu\/mental\/wp-json\/wp\/v2\/posts\/300","targetHints":{"allow":["GET"]}}],"collection":[{"href":"https:\/\/semmelweis.hu\/mental\/wp-json\/wp\/v2\/posts"}],"about":[{"href":"https:\/\/semmelweis.hu\/mental\/wp-json\/wp\/v2\/types\/post"}],"author":[{"embeddable":true,"href":"https:\/\/semmelweis.hu\/mental\/wp-json\/wp\/v2\/users\/101265"}],"replies":[{"embeddable":true,"href":"https:\/\/semmelweis.hu\/mental\/wp-json\/wp\/v2\/comments?post=300"}],"version-history":[{"count":3,"href":"https:\/\/semmelweis.hu\/mental\/wp-json\/wp\/v2\/posts\/300\/revisions"}],"predecessor-version":[{"id":2245,"href":"https:\/\/semmelweis.hu\/mental\/wp-json\/wp\/v2\/posts\/300\/revisions\/2245"}],"wp:featuredmedia":[{"embeddable":true,"href":"https:\/\/semmelweis.hu\/mental\/wp-json\/wp\/v2\/media\/570"}],"wp:attachment":[{"href":"https:\/\/semmelweis.hu\/mental\/wp-json\/wp\/v2\/media?parent=300"}],"wp:term":[{"taxonomy":"category","embeddable":true,"href":"https:\/\/semmelweis.hu\/mental\/wp-json\/wp\/v2\/categories?post=300"},{"taxonomy":"post_tag","embeddable":true,"href":"https:\/\/semmelweis.hu\/mental\/wp-json\/wp\/v2\/tags?post=300"}],"curies":[{"name":"wp","href":"https:\/\/api.w.org\/{rel}","templated":true}]}}