{"id":299,"date":"2018-06-08T00:00:00","date_gmt":"2018-06-07T22:00:00","guid":{"rendered":"http:\/\/semmelweis.hu\/mental\/582-erasmus-egyuttmukodes-az-antwerpeni-egyetemmel\/"},"modified":"2018-06-19T09:15:54","modified_gmt":"2018-06-19T07:15:54","slug":"erasmus-egyuttmukodes-az-antwerpeni-egyetemmel","status":"publish","type":"post","link":"https:\/\/semmelweis.hu\/mental\/2018\/06\/08\/erasmus-egyuttmukodes-az-antwerpeni-egyetemmel\/","title":{"rendered":"ERASMUS &#8211; EGY\u00dcTTM\u0170K\u00d6D\u00c9S AZ ANTWERPENI EGYETEMMEL"},"content":{"rendered":"<p>Febru\u00e1r elej\u00e9n hivatalosan al\u00e1\u00edrt\u00e1k a Semmelweis Egyetem \u00e9s az Antwerpeni Egyetem vezet\u0151i azt az int\u00e9zet\u00fcnk sz\u00e1m\u00e1ra fontos szerz\u0151d\u00e9st, amely alapj\u00e1n a k\u00f6vetkez\u0151 \u00e9vekben a szociol\u00f3gia \u00e9s a szoci\u00e1lis munka ter\u00fclet\u00e9n oktat\u00f3k \u00e9s hallgat\u00f3k rendszeres cser\u00e9j\u00e9re ker\u00fclhet sor.<\/p>\n<hr \/>\n<p>Az Antwerpeni Egyetem r\u00e9sz\u00e9r\u0151l Prof. Dr. Alain Verschoren rektor, a Semmelweis Egyetem r\u00e9sz\u00e9r\u0151l pedig Prof. Dr. Moln\u00e1r M\u00e1ria Judit tudom\u00e1nyos rektorhelyettes \u00edrta al\u00e1 azt a hat \u00e9vre sz\u00f3l\u00f3 szerz\u0151d\u00e9st, amely az ERASMUS+ program keret\u00e9ben lehet\u0151v\u00e9 teszi oktat\u00f3k \u2013 \u00e9s a k\u00e9s\u0151bbiekben hallgat\u00f3k \u2013 cser\u00e9j\u00e9t a k\u00e9t egyetem k\u00f6z\u00f6tt. A 2021-ig tervezett egy\u00fcttm\u0171k\u00f6d\u00e9s a szociol\u00f3gia \u00e9s a szoci\u00e1lis munka ter\u00fclet\u00e9n fog zajlani, magyar r\u00e9szr\u0151l a Ment\u00e1lhigi\u00e9n\u00e9 Int\u00e9zet vesz r\u00e9szt a programban.<\/p>\n<p>Az els\u0151 oktat\u00f3i mobilit\u00e1sra m\u00e1rcius elej\u00e9n m\u00e1r sor is ker\u00fcl, amikor <strong>Peter Raeymaeckers<\/strong>, az Antwerpeni Egyetem Szociol\u00f3gia Tansz\u00e9k\u00e9nek docense l\u00e1togat Budapestre. Egy\u00e9b szakmai programjai mellett el\u0151ad\u00e1s fog tartani a szoci\u00e1lis munka mesterszak hallgat\u00f3inak, illetve az \u201e<strong>Egy\u00e9nek \u00e9s k\u00f6z\u00f6ss\u00e9gek er\u0151forr\u00e1sainak szociol\u00f3giai \u00e9s ment\u00e1lhigi\u00e9n\u00e9s megk\u00f6zel\u00edt\u00e9se\u201d c\u00edm\u0171<\/strong> doktori program doktoranduszainak.<\/p>\n","protected":false},"excerpt":{"rendered":"<p>Febru\u00e1r elej\u00e9n hivatalosan al\u00e1\u00edrt\u00e1k a Semmelweis Egyetem \u00e9s az Antwerpeni Egyetem vezet\u0151i azt az int\u00e9zet\u00fcnk sz\u00e1m\u00e1ra fontos szerz\u0151d\u00e9st, amely alapj\u00e1n a k\u00f6vetkez\u0151 \u00e9vekben a szociol\u00f3gia \u00e9s a szoci\u00e1lis munka ter\u00fclet\u00e9n oktat\u00f3k \u00e9s hallgat\u00f3k rendszeres cser\u00e9j\u00e9re ker\u00fclhet sor. Az Antwerpeni Egyetem r\u00e9sz\u00e9r\u0151l Prof. Dr. Alain Verschoren rektor, a Semmelweis Egyetem r\u00e9sz\u00e9r\u0151l pedig Prof. Dr. Moln\u00e1r M\u00e1ria &hellip;<\/p>\n","protected":false},"author":101265,"featured_media":449,"comment_status":"closed","ping_status":"closed","sticky":false,"template":"","format":"standard","meta":{"_acf_changed":false,"footnotes":""},"categories":[1],"tags":[],"class_list":["post-299","post","type-post","status-publish","format-standard","has-post-thumbnail","hentry","category-hirek"],"acf":[],"_links":{"self":[{"href":"https:\/\/semmelweis.hu\/mental\/wp-json\/wp\/v2\/posts\/299","targetHints":{"allow":["GET"]}}],"collection":[{"href":"https:\/\/semmelweis.hu\/mental\/wp-json\/wp\/v2\/posts"}],"about":[{"href":"https:\/\/semmelweis.hu\/mental\/wp-json\/wp\/v2\/types\/post"}],"author":[{"embeddable":true,"href":"https:\/\/semmelweis.hu\/mental\/wp-json\/wp\/v2\/users\/101265"}],"replies":[{"embeddable":true,"href":"https:\/\/semmelweis.hu\/mental\/wp-json\/wp\/v2\/comments?post=299"}],"version-history":[{"count":2,"href":"https:\/\/semmelweis.hu\/mental\/wp-json\/wp\/v2\/posts\/299\/revisions"}],"predecessor-version":[{"id":2243,"href":"https:\/\/semmelweis.hu\/mental\/wp-json\/wp\/v2\/posts\/299\/revisions\/2243"}],"wp:featuredmedia":[{"embeddable":true,"href":"https:\/\/semmelweis.hu\/mental\/wp-json\/wp\/v2\/media\/449"}],"wp:attachment":[{"href":"https:\/\/semmelweis.hu\/mental\/wp-json\/wp\/v2\/media?parent=299"}],"wp:term":[{"taxonomy":"category","embeddable":true,"href":"https:\/\/semmelweis.hu\/mental\/wp-json\/wp\/v2\/categories?post=299"},{"taxonomy":"post_tag","embeddable":true,"href":"https:\/\/semmelweis.hu\/mental\/wp-json\/wp\/v2\/tags?post=299"}],"curies":[{"name":"wp","href":"https:\/\/api.w.org\/{rel}","templated":true}]}}