{"id":298,"date":"2018-06-08T00:00:00","date_gmt":"2018-06-07T22:00:00","guid":{"rendered":"http:\/\/semmelweis.hu\/mental\/585-szocialis-munka-vilagnapja-2015\/"},"modified":"2018-06-19T09:14:31","modified_gmt":"2018-06-19T07:14:31","slug":"szocialis-munka-vilagnapja-2015","status":"publish","type":"post","link":"https:\/\/semmelweis.hu\/mental\/2018\/06\/08\/szocialis-munka-vilagnapja-2015\/","title":{"rendered":"SZOCI\u00c1LIS MUNKA VIL\u00c1GNAPJA 2015 &#8211; AZ EMBERI M\u00c9LT\u00d3S\u00c1G V\u00c9DELM\u00c9\u00c9RT"},"content":{"rendered":"<p>Id\u00e9n is megrendez\u00e9sre ker\u00fcl a k\u00fcl\u00f6nf\u00e9le szoci\u00e1lis k\u00e9pz\u00e9sben r\u00e9sztvev\u0151 f\u0151v\u00e1rosi \u00e9s vid\u00e9ki egyetemi hallgat\u00f3k \u00e1ltal szervezett <strong>Szoci\u00e1lis Munka Vil\u00e1gnapja.<br \/>\n<\/strong>A budapesti esem\u00e9nyre \u2013 melynek szervez\u00e9s\u00e9ben n\u00e9gy egyetem hallgat\u00f3i (ELTE, OR-ZSE, Wesley J\u00e1nos Lelk\u00e9szk\u00e9pz\u0151 F\u0151iskola, P\u00e1zm\u00e1ny P\u00e9ter Katolikus Egyetem) vesznek r\u00e9sz \u2013 szeretettel v\u00e1rnak minden \u00e9rdekl\u0151d\u0151t <strong>2015. m\u00e1rcius 17-\u00e9n 14 \u00f3r\u00e1s\u00a0<\/strong>kezdettel\u00a0a <strong>Fogas H\u00e1zban<\/strong>. (Budapest VII. Ak\u00e1cfa utca 51.)<\/p>\n<p class=\"Default\">A Vil\u00e1gnap a Szoci\u00e1lis Munk\u00e1sok Nemzetk\u00f6zi Egyes\u00fclet\u00e9nek <strong>(IFSW) <\/strong>javaslat\u00e1ra minden \u00e9vben egy adott t\u00e9m\u00e1t j\u00e1r k\u00f6r\u00fcl, id\u00e9n ez <strong>minden ember m\u00e9lt\u00f3s\u00e1g\u00e1nak \u00e9s \u00e9rt\u00e9k\u00e9nek v\u00e9delme <\/strong>lesz. Erre \u00e9p\u00fcl a szakmai program, melynek c\u00e9lja, hogy bemutassa a szoci\u00e1lis szakma k\u00fcl\u00f6nb\u00f6z\u0151 szeleteit. A szervez\u0151k az esem\u00e9nyre t\u00f6bbek k\u00f6z\u00f6tt rendhagy\u00f3 kerekasztalokkal k\u00e9sz\u00fclnek p\u00e9ld\u00e1ul a <strong>migr\u00e1ci\u00f3<\/strong>, az <strong>\u00e1rtalomcs\u00f6kkent\u00e9s \u00e9s szerhaszn\u00e1lat<\/strong>, a <strong>n\u0151k elleni er\u0151szak<\/strong>, a <strong>gyermekv\u00e9delem, k\u00f6z\u00f6ss\u00e9gfejleszt\u00e9s<\/strong>, illetve az <strong>oktat\u00e1s <\/strong>t\u00e9mak\u00f6r\u00e9ben.<\/p>\n<p class=\"Default\">A szakmai programokon t\u00fal rengeteg \u00e9rdekes \u00e9s interakt\u00edv programmal v\u00e1rj\u00e1k az esem\u00e9nyre \u00e9rkez\u0151ket. A r\u00e9sztvev\u0151k p\u00e9ld\u00e1ul tabl\u00f3kon kereszt\u00fcl megismerhetik a <strong>szoci\u00e1lis munka t\u00f6rt\u00e9net\u00e9t<\/strong>, majd frissen szerzett ismereteiket k\u00fcl\u00f6nf\u00e9le meglepet\u00e9seket \u00edg\u00e9r\u0151 feladatokban tesztelhetik. A kicsiknek <strong>gyermeksarokkal <\/strong>k\u00e9sz\u00fclnek, ahol az \u00e9rdekl\u0151d\u0151 sz\u00fcl\u0151k betekint\u00e9st nyerhetnek a Biztos Kezdet Gyerekh\u00e1zak m\u0171k\u00f6d\u00e9s\u00e9be is. A vend\u00e9gek kipr\u00f3b\u00e1lhatj\u00e1k a lakhat\u00e1si szeg\u00e9nys\u00e9get bemutat\u00f3 t\u00e1rsasj\u00e1t\u00e9kot, az <strong>\u00datkeres\u0151t<\/strong>, illetve megtekinthetik a Szputnyik Haj\u00f3z\u00e1si T\u00e1rsas\u00e1g Ment\u0151cs\u00f3nak Egys\u00e9ge \u00e9s a \u201eGYERE\u201d Gyerekes\u00e9ly Egyes\u00fclet k\u00f6z\u00f6s <strong>sz\u00ednh\u00e1zi produkci\u00f3j\u00e1t <\/strong>is, mely a Szociopoly j\u00e1t\u00e9kon alapul.<\/p>\n<p>Mivel az esem\u00e9nyt a nem budapesti szoci\u00e1lis k\u00e9pz\u00e9sben r\u00e9sztvev\u0151 hallgat\u00f3k is megrendezik saj\u00e1t v\u00e1rosukban, \u00edgy a vel\u00fck val\u00f3 egy\u00fcttm\u0171k\u00f6d\u00e9s, valamint az egyetemek k\u00f6z\u00f6tti kapcsolat szorosabbra f\u0171z\u00e9s\u00e9nek \u00e9rdek\u00e9ben a szervez\u0151k k\u00f6z\u00f6s flashmobbal is k\u00e9sz\u00fclnek.<\/p>\n<p>Id\u0151pont:<strong> 2015. m\u00e1rcius 17. 14.00<\/strong><br \/>\nHelysz\u00edn: <strong>Budapest VII. Ak\u00e1cfa utca 51. (Fogas H\u00e1z)<\/strong><\/p>\n<p><a href=\"https:\/\/semmelweis.hu\/mental\/files\/2018\/06\/szocm-vilganap-2015_plakt.jpg\"><img loading=\"lazy\" decoding=\"async\" class=\"alignnone size-medium wp-image-585\" src=\"https:\/\/semmelweis.hu\/mental\/files\/2018\/06\/szocm-vilganap-2015_plakt-212x300.jpg\" alt=\"\" width=\"212\" height=\"300\" srcset=\"https:\/\/semmelweis.hu\/mental\/files\/2018\/06\/szocm-vilganap-2015_plakt-212x300.jpg 212w, https:\/\/semmelweis.hu\/mental\/files\/2018\/06\/szocm-vilganap-2015_plakt.jpg 679w\" sizes=\"auto, (max-width: 212px) 100vw, 212px\" \/><\/a><\/p>\n","protected":false},"excerpt":{"rendered":"<p>Id\u00e9n is megrendez\u00e9sre ker\u00fcl a k\u00fcl\u00f6nf\u00e9le szoci\u00e1lis k\u00e9pz\u00e9sben r\u00e9sztvev\u0151 f\u0151v\u00e1rosi \u00e9s vid\u00e9ki egyetemi hallgat\u00f3k \u00e1ltal szervezett Szoci\u00e1lis Munka Vil\u00e1gnapja. A budapesti esem\u00e9nyre \u2013 melynek szervez\u00e9s\u00e9ben n\u00e9gy egyetem hallgat\u00f3i (ELTE, OR-ZSE, Wesley J\u00e1nos Lelk\u00e9szk\u00e9pz\u0151 F\u0151iskola, P\u00e1zm\u00e1ny P\u00e9ter Katolikus Egyetem) vesznek r\u00e9sz \u2013 szeretettel v\u00e1rnak minden \u00e9rdekl\u0151d\u0151t 2015. m\u00e1rcius 17-\u00e9n 14 \u00f3r\u00e1s\u00a0kezdettel\u00a0a Fogas H\u00e1zban. (Budapest VII. Ak\u00e1cfa &hellip;<\/p>\n","protected":false},"author":101265,"featured_media":586,"comment_status":"closed","ping_status":"closed","sticky":false,"template":"","format":"standard","meta":{"_acf_changed":false,"footnotes":""},"categories":[1],"tags":[],"class_list":["post-298","post","type-post","status-publish","format-standard","has-post-thumbnail","hentry","category-hirek"],"acf":[],"_links":{"self":[{"href":"https:\/\/semmelweis.hu\/mental\/wp-json\/wp\/v2\/posts\/298","targetHints":{"allow":["GET"]}}],"collection":[{"href":"https:\/\/semmelweis.hu\/mental\/wp-json\/wp\/v2\/posts"}],"about":[{"href":"https:\/\/semmelweis.hu\/mental\/wp-json\/wp\/v2\/types\/post"}],"author":[{"embeddable":true,"href":"https:\/\/semmelweis.hu\/mental\/wp-json\/wp\/v2\/users\/101265"}],"replies":[{"embeddable":true,"href":"https:\/\/semmelweis.hu\/mental\/wp-json\/wp\/v2\/comments?post=298"}],"version-history":[{"count":3,"href":"https:\/\/semmelweis.hu\/mental\/wp-json\/wp\/v2\/posts\/298\/revisions"}],"predecessor-version":[{"id":2242,"href":"https:\/\/semmelweis.hu\/mental\/wp-json\/wp\/v2\/posts\/298\/revisions\/2242"}],"wp:featuredmedia":[{"embeddable":true,"href":"https:\/\/semmelweis.hu\/mental\/wp-json\/wp\/v2\/media\/586"}],"wp:attachment":[{"href":"https:\/\/semmelweis.hu\/mental\/wp-json\/wp\/v2\/media?parent=298"}],"wp:term":[{"taxonomy":"category","embeddable":true,"href":"https:\/\/semmelweis.hu\/mental\/wp-json\/wp\/v2\/categories?post=298"},{"taxonomy":"post_tag","embeddable":true,"href":"https:\/\/semmelweis.hu\/mental\/wp-json\/wp\/v2\/tags?post=298"}],"curies":[{"name":"wp","href":"https:\/\/api.w.org\/{rel}","templated":true}]}}