{"id":297,"date":"2018-06-08T00:00:00","date_gmt":"2018-06-07T22:00:00","guid":{"rendered":"http:\/\/semmelweis.hu\/mental\/589-tudomanyos-kave-innovage-az-aktiv-idosodes-tavlatai\/"},"modified":"2018-06-19T09:11:43","modified_gmt":"2018-06-19T07:11:43","slug":"tudomanyos-kave-innovage-az-aktiv-idosodes-tavlatai","status":"publish","type":"post","link":"https:\/\/semmelweis.hu\/mental\/2018\/06\/08\/tudomanyos-kave-innovage-az-aktiv-idosodes-tavlatai\/","title":{"rendered":"TUDOM\u00c1NYOS K\u00c1V\u00c9 &#8211; &#8222;INNOVAGE &#8211; AZ AKT\u00cdV ID\u0150S\u00d6D\u00c9S T\u00c1VLATAI&#8221;"},"content":{"rendered":"<p>A k\u00f6vetkez\u0151<span class=\"apple-converted-space\">\u00a0<\/span>Tudom\u00e1nyos K\u00e1V\u00e9 megrendez\u00e9s\u00e9re\u00a0<strong>2015. \u00e1prilis 14-\u00e9n\u00a0<\/strong>reggel 8:30-t\u00f3l ker\u00fcl sor. <strong>Tr\u00f3bert M\u00e1ria<\/strong>, doktori programunk hallgat\u00f3ja lesz vend\u00e9g\u00fcnk. El\u0151ad\u00e1s\u00e1nak c\u00edme:\u00a0\u201e<strong>InnovAge &#8211; Az akt\u00edv id\u0151s\u00f6d\u00e9s t\u00e1vlatai egy EU projekt t\u00fckr\u00e9ben<\/strong>\u201d.<\/p>\n<p>Az el\u00f6reged\u00e9s Eur\u00f3pa szerte jelent\u0151s t\u00e1rsadalmi-gazdas\u00e1gi probl\u00e9m\u00e1kat okoz, melyek er\u0151ter\u00e9ben egyre fontosabb\u00e1 v\u00e1lik a prevenci\u00f3. A sz\u00e1mos uni\u00f3s prevenci\u00f3s\u00a0 projekt k\u00f6z\u00fcl a h\u00e1rom \u00e9vig tart\u00f3 InnovAge program-sorozat c\u00e9lja olyan szoci\u00e1lis innov\u00e1ci\u00f3k megval\u00f3s\u00edt\u00e1sa, melyek el\u0151mozd\u00edtj\u00e1k az akt\u00edv, eg\u00e9szs\u00e9gesen meg\u00e9lt id\u0151skort.\u00a0A Tudom\u00e1nyos K\u00e1V\u00e9 mostani alkalm\u00e1n Tr\u00f3bert M\u00e1ria a 2014. szeptemberi konferencia eredm\u00e9nyeit osztja meg az \u00e9rdekl\u0151d\u0151kkel.<\/p>\n<p><strong>Helysz\u00edn:<\/strong> Nagyv\u00e1rad t\u00e9ri Elm\u00e9leti T\u00f6mb, f\u00f6ldszint 81-es terem<\/p>\n","protected":false},"excerpt":{"rendered":"<p>A k\u00f6vetkez\u0151\u00a0Tudom\u00e1nyos K\u00e1V\u00e9 megrendez\u00e9s\u00e9re\u00a02015. \u00e1prilis 14-\u00e9n\u00a0reggel 8:30-t\u00f3l ker\u00fcl sor. Tr\u00f3bert M\u00e1ria, doktori programunk hallgat\u00f3ja lesz vend\u00e9g\u00fcnk. El\u0151ad\u00e1s\u00e1nak c\u00edme:\u00a0\u201eInnovAge &#8211; Az akt\u00edv id\u0151s\u00f6d\u00e9s t\u00e1vlatai egy EU projekt t\u00fckr\u00e9ben\u201d. Az el\u00f6reged\u00e9s Eur\u00f3pa szerte jelent\u0151s t\u00e1rsadalmi-gazdas\u00e1gi probl\u00e9m\u00e1kat okoz, melyek er\u0151ter\u00e9ben egyre fontosabb\u00e1 v\u00e1lik a prevenci\u00f3. A sz\u00e1mos uni\u00f3s prevenci\u00f3s\u00a0 projekt k\u00f6z\u00fcl a h\u00e1rom \u00e9vig tart\u00f3 InnovAge program-sorozat c\u00e9lja &hellip;<\/p>\n","protected":false},"author":101265,"featured_media":482,"comment_status":"closed","ping_status":"closed","sticky":false,"template":"","format":"standard","meta":{"_acf_changed":false,"footnotes":""},"categories":[1],"tags":[],"class_list":["post-297","post","type-post","status-publish","format-standard","has-post-thumbnail","hentry","category-hirek"],"acf":[],"_links":{"self":[{"href":"https:\/\/semmelweis.hu\/mental\/wp-json\/wp\/v2\/posts\/297","targetHints":{"allow":["GET"]}}],"collection":[{"href":"https:\/\/semmelweis.hu\/mental\/wp-json\/wp\/v2\/posts"}],"about":[{"href":"https:\/\/semmelweis.hu\/mental\/wp-json\/wp\/v2\/types\/post"}],"author":[{"embeddable":true,"href":"https:\/\/semmelweis.hu\/mental\/wp-json\/wp\/v2\/users\/101265"}],"replies":[{"embeddable":true,"href":"https:\/\/semmelweis.hu\/mental\/wp-json\/wp\/v2\/comments?post=297"}],"version-history":[{"count":3,"href":"https:\/\/semmelweis.hu\/mental\/wp-json\/wp\/v2\/posts\/297\/revisions"}],"predecessor-version":[{"id":2240,"href":"https:\/\/semmelweis.hu\/mental\/wp-json\/wp\/v2\/posts\/297\/revisions\/2240"}],"wp:featuredmedia":[{"embeddable":true,"href":"https:\/\/semmelweis.hu\/mental\/wp-json\/wp\/v2\/media\/482"}],"wp:attachment":[{"href":"https:\/\/semmelweis.hu\/mental\/wp-json\/wp\/v2\/media?parent=297"}],"wp:term":[{"taxonomy":"category","embeddable":true,"href":"https:\/\/semmelweis.hu\/mental\/wp-json\/wp\/v2\/categories?post=297"},{"taxonomy":"post_tag","embeddable":true,"href":"https:\/\/semmelweis.hu\/mental\/wp-json\/wp\/v2\/tags?post=297"}],"curies":[{"name":"wp","href":"https:\/\/api.w.org\/{rel}","templated":true}]}}