{"id":296,"date":"2018-06-08T00:00:00","date_gmt":"2018-06-07T22:00:00","guid":{"rendered":"http:\/\/semmelweis.hu\/mental\/552-felveteli-felhivas-mentaligienes-lelkigondozo-szakra\/"},"modified":"2018-06-19T09:02:48","modified_gmt":"2018-06-19T07:02:48","slug":"felveteli-felhivas-mentaligienes-lelkigondozo-szakra","status":"publish","type":"post","link":"https:\/\/semmelweis.hu\/mental\/2018\/06\/08\/felveteli-felhivas-mentaligienes-lelkigondozo-szakra\/","title":{"rendered":"FELV\u00c9TELI FELH\u00cdV\u00c1S MENT\u00c1LHIGI\u00c9N\u00c9S LELKIGONDOZ\u00d3 SZAKRA"},"content":{"rendered":"<p>Int\u00e9zet\u00fcnk az Evang\u00e9likus Hittudom\u00e1nyi Egyetemmel \u00e9s a Szent Atan\u00e1z G\u00f6r\u00f6g Katolikus Hittudom\u00e1nyi F\u0151iskol\u00e1val egy\u00fcttm\u0171k\u00f6dve 2015. szeptembert\u0151l\u00a0<em>ment\u00e1lhigi\u00e9n\u00e9s lelkigondoz\u00f3 szakir\u00e1ny\u00fa tov\u00e1bbk\u00e9pz\u00e9st\u00a0<\/em>hirdet.<br \/>\nA b\u0151vebb inform\u00e1ci\u00f3k, valamint a jelentkez\u00e9shez sz\u00fcks\u00e9ges jelentkez\u00e9si lap honlapunkon a <em>Szakir\u00e1ny\u00fa k\u00e9pz\u00e9sek<\/em> men\u00fcpont <a href=\"https:\/\/semmelweis.hu\/mental\/szakiranyu-kepzesek\/lelkigondozoi-kepzes\/a-kepzes-bemutatasa-lelki\/\"><em>Lelkigondoz\u00f3 tov\u00e1bbk\u00e9pz\u00e9s<\/em><\/a> almen\u00fcj\u00e9ben tal\u00e1lhat\u00f3.<br \/>\nA k\u00e9pz\u00e9sr\u0151l koll\u00e9g\u00e1ink \u00f6r\u00f6mmel ny\u00fajtanak b\u0151vebb t\u00e1j\u00e9koztat\u00e1st.<br \/>\nDr. T\u00f6r\u00f6k G\u00e1bor: <a href=\"mailto:torok.gabor@public.semmelweis-univ.hu\">torok.gabor@public.semmelweis-univ.hu<\/a><br \/>\nSemsey G\u00e1bor: <a href=\"mailto:semsey.gabor@public.semmelweis-univ.hu\">semsey.gabor@public.semmelweis-univ.hu<\/a><\/p>\n<p style=\"text-align: right;\">(a plak\u00e1t\u00a0<a href=\"https:\/\/semmelweis.hu\/mental\/files\/2018\/06\/lelkikepzes-plakat2015.pdf\" target=\"_blank\" rel=\"noopener\">itt let\u00f6lthet\u0151<\/a>)<\/p>\n<p>&nbsp;<\/p>\n<p><a href=\"https:\/\/semmelweis.hu\/mental\/files\/2018\/06\/lelkikepzes-plakat2015-700x979.jpg\"><img loading=\"lazy\" decoding=\"async\" class=\"alignnone size-medium wp-image-783\" src=\"https:\/\/semmelweis.hu\/mental\/files\/2018\/06\/lelkikepzes-plakat2015-700x979-215x300.jpg\" alt=\"\" width=\"215\" height=\"300\" srcset=\"https:\/\/semmelweis.hu\/mental\/files\/2018\/06\/lelkikepzes-plakat2015-700x979-215x300.jpg 215w, https:\/\/semmelweis.hu\/mental\/files\/2018\/06\/lelkikepzes-plakat2015-700x979.jpg 700w\" sizes=\"auto, (max-width: 215px) 100vw, 215px\" \/><\/a><\/p>\n","protected":false},"excerpt":{"rendered":"<p>Int\u00e9zet\u00fcnk az Evang\u00e9likus Hittudom\u00e1nyi Egyetemmel \u00e9s a Szent Atan\u00e1z G\u00f6r\u00f6g Katolikus Hittudom\u00e1nyi F\u0151iskol\u00e1val egy\u00fcttm\u0171k\u00f6dve 2015. szeptembert\u0151l\u00a0ment\u00e1lhigi\u00e9n\u00e9s lelkigondoz\u00f3 szakir\u00e1ny\u00fa tov\u00e1bbk\u00e9pz\u00e9st\u00a0hirdet. A b\u0151vebb inform\u00e1ci\u00f3k, valamint a jelentkez\u00e9shez sz\u00fcks\u00e9ges jelentkez\u00e9si lap honlapunkon a Szakir\u00e1ny\u00fa k\u00e9pz\u00e9sek men\u00fcpont <a href=\"https:\/\/semmelweis.hu\/mental\/szakiranyu-kepzesek\/lelkigondozoi-kepzes\/a-kepzes-bemutatasa-lelki\/\">Lelkigondoz\u00f3 tov\u00e1bbk\u00e9pz\u00e9s<\/a> almen\u00fcj\u00e9ben tal\u00e1lhat\u00f3. A k\u00e9pz\u00e9sr\u0151l koll\u00e9g\u00e1ink \u00f6r\u00f6mmel ny\u00fajtanak b\u0151vebb t\u00e1j\u00e9koztat\u00e1st. Dr. T\u00f6r\u00f6k G\u00e1bor: <a href=\"mailto:torok.gabor@public.semmelweis-univ.hu\">torok.gabor@public.semmelweis-univ.hu<\/a> Semsey G\u00e1bor: <a href=\"mailto:semsey.gabor@public.semmelweis-univ.hu\">semsey.gabor@public.semmelweis-univ.hu<\/a> (a plak\u00e1t\u00a0 <a href=\"https:\/\/semmelweis.hu\/mental\/files\/2018\/06\/lelkikepzes-plakat2015.pdf\" target=\"_blank\" rel=\"noopener\">itt let\u00f6lthet\u0151<\/a> ) &nbsp; &hellip;<\/p>\n","protected":false},"author":101265,"featured_media":512,"comment_status":"closed","ping_status":"closed","sticky":false,"template":"","format":"standard","meta":{"_acf_changed":false,"footnotes":""},"categories":[1],"tags":[],"class_list":["post-296","post","type-post","status-publish","format-standard","has-post-thumbnail","hentry","category-hirek"],"acf":[],"_links":{"self":[{"href":"https:\/\/semmelweis.hu\/mental\/wp-json\/wp\/v2\/posts\/296","targetHints":{"allow":["GET"]}}],"collection":[{"href":"https:\/\/semmelweis.hu\/mental\/wp-json\/wp\/v2\/posts"}],"about":[{"href":"https:\/\/semmelweis.hu\/mental\/wp-json\/wp\/v2\/types\/post"}],"author":[{"embeddable":true,"href":"https:\/\/semmelweis.hu\/mental\/wp-json\/wp\/v2\/users\/101265"}],"replies":[{"embeddable":true,"href":"https:\/\/semmelweis.hu\/mental\/wp-json\/wp\/v2\/comments?post=296"}],"version-history":[{"count":5,"href":"https:\/\/semmelweis.hu\/mental\/wp-json\/wp\/v2\/posts\/296\/revisions"}],"predecessor-version":[{"id":2234,"href":"https:\/\/semmelweis.hu\/mental\/wp-json\/wp\/v2\/posts\/296\/revisions\/2234"}],"wp:featuredmedia":[{"embeddable":true,"href":"https:\/\/semmelweis.hu\/mental\/wp-json\/wp\/v2\/media\/512"}],"wp:attachment":[{"href":"https:\/\/semmelweis.hu\/mental\/wp-json\/wp\/v2\/media?parent=296"}],"wp:term":[{"taxonomy":"category","embeddable":true,"href":"https:\/\/semmelweis.hu\/mental\/wp-json\/wp\/v2\/categories?post=296"},{"taxonomy":"post_tag","embeddable":true,"href":"https:\/\/semmelweis.hu\/mental\/wp-json\/wp\/v2\/tags?post=296"}],"curies":[{"name":"wp","href":"https:\/\/api.w.org\/{rel}","templated":true}]}}