{"id":295,"date":"2018-06-08T00:00:00","date_gmt":"2018-06-07T22:00:00","guid":{"rendered":"http:\/\/semmelweis.hu\/mental\/590-eremeso-a-phd-todomanyos-napok-eredmenyhirdetesen\/"},"modified":"2018-06-18T15:23:24","modified_gmt":"2018-06-18T13:23:24","slug":"eremeso-a-phd-todomanyos-napok-eredmenyhirdetesen","status":"publish","type":"post","link":"https:\/\/semmelweis.hu\/mental\/2018\/06\/08\/eremeso-a-phd-todomanyos-napok-eredmenyhirdetesen\/","title":{"rendered":"\u00c9REMES\u0150 A PHD TUDOM\u00c1NYOS NAPOK EREDM\u00c9NYHIRDET\u00c9S\u00c9N"},"content":{"rendered":"<p>2015. \u00e1prilis 10-11-\u00e9n\u00a0megrendez\u00e9sre ker\u00fclt a PhD Tudom\u00e1nyos Napok program, melyen\u00a0els\u00f6pr\u0151 sikerrel szerepeltek doktori programunk hallgat\u00f3i.\u00a0\u00d6r\u00f6mmel \u00e9s b\u00fcszkes\u00e9ggel t\u00f6lt el benn\u00fcnket, hogy k\u00e9t hallgat\u00f3nk is d\u00edjaz\u00e1sban r\u00e9szes\u00fclt. Luk\u00e1cs \u00c1gnes els\u0151, m\u00edg B\u00f3n\u00e9 Veronika harmadik helyezett lett.<br \/>\nA Tudom\u00e1nyos Napok c\u00e9lja, hogy lehet\u0151s\u00e9get adjon a doktori programok hallgat\u00f3inak eddigi eredm\u00e9nyeik bemutat\u00e1s\u00e1ra, egyben az el\u0151ad\u00f3i szerep gyakorl\u00e1s\u00e1ra, prezent\u00e1ci\u00f3s technik\u00e1k fejleszt\u00e9s\u00e9re.<\/p>\n<p>Luk\u00e1cs \u00c1gnes el\u0151ad\u00e1s\u00e1nak c\u00edme: &#8216;Bonding&#8217; or &#8216;Bridging&#8217;? &#8211; Social Capital of Roma University students (t\u00e9mavezet\u0151: Dr. Pethesn\u00e9 D\u00e1vid Be\u00e1ta)<br \/>\nB\u00f3n\u00e9 Veronika el\u0151ad\u00e1s\u00e1nak c\u00edme: Children of the 1989 transition: childbearing intentions\u00a0(t\u00e9mavezet\u0151: Dr. Pethesn\u00e9 D\u00e1vid Be\u00e1ta, Dr. T\u00f6r\u00f6k Szabolcs)<\/p>\n<p><a href=\"https:\/\/semmelweis.hu\/mental\/files\/2018\/06\/Lukcs-gnes-okl._PHD_2015-1.jpg\"><img loading=\"lazy\" decoding=\"async\" src=\"https:\/\/semmelweis.hu\/mental\/files\/2018\/06\/Lukcs-gnes-okl._PHD_2015-1.jpg\" alt=\"\" width=\"316\" height=\"221\" border=\"0\" \/><\/a>  <a href=\"https:\/\/semmelweis.hu\/mental\/files\/2018\/06\/Bn-Veronika-okl._PHD_2015-1.jpg\"><img loading=\"lazy\" decoding=\"async\" src=\"https:\/\/semmelweis.hu\/mental\/files\/2018\/06\/Bn-Veronika-okl._PHD_2015-1.jpg\" alt=\"\" width=\"323\" height=\"218\" border=\"0\" \/><\/a><\/p>\n<p>Doktori programunk t\u00f6bbi hallgat\u00f3ja is nagyon ig\u00e9nyes \u00e9s sz\u00ednvonalas el\u0151ad\u00e1ssal k\u00e9sz\u00fclt, amit a zs\u0171ri sz\u00f3beli elismer\u00e9ssel d\u00edjazott.<br \/>\nMinden hallgat\u00f3nknak \u00e9s az \u0151ket felk\u00e9sz\u00edt\u0151 oktat\u00f3knak sz\u00edvb\u0151l gratul\u00e1lunk!<\/p>\n<p>&nbsp;<\/p>\n","protected":false},"excerpt":{"rendered":"<p>2015. \u00e1prilis 10-11-\u00e9n\u00a0megrendez\u00e9sre ker\u00fclt a PhD Tudom\u00e1nyos Napok program, melyen\u00a0els\u00f6pr\u0151 sikerrel szerepeltek doktori programunk hallgat\u00f3i.\u00a0\u00d6r\u00f6mmel \u00e9s b\u00fcszkes\u00e9ggel t\u00f6lt el benn\u00fcnket, hogy k\u00e9t hallgat\u00f3nk is d\u00edjaz\u00e1sban r\u00e9szes\u00fclt. Luk\u00e1cs \u00c1gnes els\u0151, m\u00edg B\u00f3n\u00e9 Veronika harmadik helyezett lett. A Tudom\u00e1nyos Napok c\u00e9lja, hogy lehet\u0151s\u00e9get adjon a doktori programok hallgat\u00f3inak eddigi eredm\u00e9nyeik bemutat\u00e1s\u00e1ra, egyben az el\u0151ad\u00f3i szerep gyakorl\u00e1s\u00e1ra, prezent\u00e1ci\u00f3s &hellip;<\/p>\n","protected":false},"author":101265,"featured_media":552,"comment_status":"closed","ping_status":"closed","sticky":false,"template":"","format":"standard","meta":{"_acf_changed":false,"footnotes":""},"categories":[1],"tags":[],"class_list":["post-295","post","type-post","status-publish","format-standard","has-post-thumbnail","hentry","category-hirek"],"acf":[],"_links":{"self":[{"href":"https:\/\/semmelweis.hu\/mental\/wp-json\/wp\/v2\/posts\/295","targetHints":{"allow":["GET"]}}],"collection":[{"href":"https:\/\/semmelweis.hu\/mental\/wp-json\/wp\/v2\/posts"}],"about":[{"href":"https:\/\/semmelweis.hu\/mental\/wp-json\/wp\/v2\/types\/post"}],"author":[{"embeddable":true,"href":"https:\/\/semmelweis.hu\/mental\/wp-json\/wp\/v2\/users\/101265"}],"replies":[{"embeddable":true,"href":"https:\/\/semmelweis.hu\/mental\/wp-json\/wp\/v2\/comments?post=295"}],"version-history":[{"count":4,"href":"https:\/\/semmelweis.hu\/mental\/wp-json\/wp\/v2\/posts\/295\/revisions"}],"predecessor-version":[{"id":2208,"href":"https:\/\/semmelweis.hu\/mental\/wp-json\/wp\/v2\/posts\/295\/revisions\/2208"}],"wp:featuredmedia":[{"embeddable":true,"href":"https:\/\/semmelweis.hu\/mental\/wp-json\/wp\/v2\/media\/552"}],"wp:attachment":[{"href":"https:\/\/semmelweis.hu\/mental\/wp-json\/wp\/v2\/media?parent=295"}],"wp:term":[{"taxonomy":"category","embeddable":true,"href":"https:\/\/semmelweis.hu\/mental\/wp-json\/wp\/v2\/categories?post=295"},{"taxonomy":"post_tag","embeddable":true,"href":"https:\/\/semmelweis.hu\/mental\/wp-json\/wp\/v2\/tags?post=295"}],"curies":[{"name":"wp","href":"https:\/\/api.w.org\/{rel}","templated":true}]}}