{"id":294,"date":"2018-06-08T00:00:00","date_gmt":"2018-06-07T22:00:00","guid":{"rendered":"http:\/\/semmelweis.hu\/mental\/587-dr-harmatta-janos-magyar-erdemrend-lovagkereszt-polgari-tagozat-kituntetesben-reszesult\/"},"modified":"2018-06-18T15:54:00","modified_gmt":"2018-06-18T13:54:00","slug":"dr-harmatta-janos-magyar-erdemrend-lovagkereszt-polgari-tagozat-kituntetesben-reszesult","status":"publish","type":"post","link":"https:\/\/semmelweis.hu\/mental\/2018\/06\/08\/dr-harmatta-janos-magyar-erdemrend-lovagkereszt-polgari-tagozat-kituntetesben-reszesult\/","title":{"rendered":"DR. HARMATTA J\u00c1NOS \u00c1LLAMI KIT\u00dcNTET\u00c9SBEN R\u00c9SZES\u00dcLT"},"content":{"rendered":"<p>A nemzeti \u00fcnnep\u00fcnk tisztelet\u00e9re 2015. m\u00e1rcius 13-\u00e1n megrendezett \u00fcnneps\u00e9gen\u00a0<em>\u00c1der J\u00e1nos,<\/em>\u00a0Magyarorsz\u00e1g k\u00f6zt\u00e1rsas\u00e1gi eln\u00f6ke megb\u00edz\u00e1s\u00e1b\u00f3l<em>\u00a0Balog<\/em>\u00a0<em>Zolt\u00e1n<\/em> miniszter az eg\u00e9szs\u00e9g\u00fcgyh\u00f6z k\u00f6t\u0151d\u0151 szakemberek k\u00f6z\u00f6tt, kiemelked\u0151 sz\u00ednvonal\u00fa munk\u00e1ja elismer\u00e9sek\u00e9nt\u00a0Magyar \u00c9rdemrend Lovagkeresztje kit\u00fcntet\u00e9st\u00a0adott \u00e1t int\u00e9zet\u00fcnk oktat\u00f3j\u00e1nak, kutat\u00f3j\u00e1nak, <em>Harmatta J\u00e1nos<\/em>nak.<\/p>\n<p>Dr. Harmatta J\u00e1nos az Orsz\u00e1gos Orvosi Rehabilit\u00e1ci\u00f3s Int\u00e9zet T\u00fcnd\u00e9rhegyi Pszichoszomatikus \u00e9s Pszichoter\u00e1pi\u00e1s Rehabilit\u00e1ci\u00f3s Oszt\u00e1ly oszt\u00e1lyvezet\u0151 f\u0151orvosa, Int\u00e9zet\u00fcnk kor\u00e1bbi munkat\u00e1rsa, a ment\u00e1lhigi\u00e9n\u00e9s \u00e9s lelkigondoz\u00f3i k\u00e9pz\u00e9seinknek jelenleg is meghat\u00e1roz\u00f3 oktat\u00f3ja, kutat\u00e1saink tudom\u00e1nyos tan\u00e1csad\u00f3ja.<\/p>\n<p>Kit\u00fcntet\u00e9s\u00e9hez sz\u00edvb\u0151l gratul\u00e1lunk!<\/p>\n<p><a href=\"https:\/\/semmelweis.hu\/mental\/files\/2018\/06\/lOVAGKERESZT-JELVNY_1.jpg\"><img loading=\"lazy\" decoding=\"async\" src=\"https:\/\/semmelweis.hu\/mental\/files\/2018\/06\/lOVAGKERESZT-JELVNY_1.jpg\" alt=\"\" width=\"148\" height=\"222\" border=\"0\" \/><\/a><\/p>\n<p><a href=\"https:\/\/semmelweis.hu\/mental\/files\/2018\/06\/Harmatta1-683x454.jpg\"><img loading=\"lazy\" decoding=\"async\" src=\"https:\/\/semmelweis.hu\/mental\/files\/2018\/06\/Harmatta1-683x454.jpg\" alt=\"\" width=\"683\" height=\"454\" border=\"0\" \/><\/a><\/p>\n","protected":false},"excerpt":{"rendered":"<p>A nemzeti \u00fcnnep\u00fcnk tisztelet\u00e9re 2015. m\u00e1rcius 13-\u00e1n megrendezett \u00fcnneps\u00e9gen\u00a0\u00c1der J\u00e1nos,\u00a0Magyarorsz\u00e1g k\u00f6zt\u00e1rsas\u00e1gi eln\u00f6ke megb\u00edz\u00e1s\u00e1b\u00f3l\u00a0Balog\u00a0Zolt\u00e1n miniszter az eg\u00e9szs\u00e9g\u00fcgyh\u00f6z k\u00f6t\u0151d\u0151 szakemberek k\u00f6z\u00f6tt, kiemelked\u0151 sz\u00ednvonal\u00fa munk\u00e1ja elismer\u00e9sek\u00e9nt\u00a0Magyar \u00c9rdemrend Lovagkeresztje kit\u00fcntet\u00e9st\u00a0adott \u00e1t int\u00e9zet\u00fcnk oktat\u00f3j\u00e1nak, kutat\u00f3j\u00e1nak, Harmatta J\u00e1nosnak. Dr. Harmatta J\u00e1nos az Orsz\u00e1gos Orvosi Rehabilit\u00e1ci\u00f3s Int\u00e9zet T\u00fcnd\u00e9rhegyi Pszichoszomatikus \u00e9s Pszichoter\u00e1pi\u00e1s Rehabilit\u00e1ci\u00f3s Oszt\u00e1ly oszt\u00e1lyvezet\u0151 f\u0151orvosa, Int\u00e9zet\u00fcnk kor\u00e1bbi munkat\u00e1rsa, a ment\u00e1lhigi\u00e9n\u00e9s \u00e9s lelkigondoz\u00f3i &hellip;<\/p>\n","protected":false},"author":101265,"featured_media":464,"comment_status":"closed","ping_status":"closed","sticky":false,"template":"","format":"standard","meta":{"_acf_changed":false,"footnotes":""},"categories":[1],"tags":[],"class_list":["post-294","post","type-post","status-publish","format-standard","has-post-thumbnail","hentry","category-hirek"],"acf":[],"_links":{"self":[{"href":"https:\/\/semmelweis.hu\/mental\/wp-json\/wp\/v2\/posts\/294","targetHints":{"allow":["GET"]}}],"collection":[{"href":"https:\/\/semmelweis.hu\/mental\/wp-json\/wp\/v2\/posts"}],"about":[{"href":"https:\/\/semmelweis.hu\/mental\/wp-json\/wp\/v2\/types\/post"}],"author":[{"embeddable":true,"href":"https:\/\/semmelweis.hu\/mental\/wp-json\/wp\/v2\/users\/101265"}],"replies":[{"embeddable":true,"href":"https:\/\/semmelweis.hu\/mental\/wp-json\/wp\/v2\/comments?post=294"}],"version-history":[{"count":5,"href":"https:\/\/semmelweis.hu\/mental\/wp-json\/wp\/v2\/posts\/294\/revisions"}],"predecessor-version":[{"id":2229,"href":"https:\/\/semmelweis.hu\/mental\/wp-json\/wp\/v2\/posts\/294\/revisions\/2229"}],"wp:featuredmedia":[{"embeddable":true,"href":"https:\/\/semmelweis.hu\/mental\/wp-json\/wp\/v2\/media\/464"}],"wp:attachment":[{"href":"https:\/\/semmelweis.hu\/mental\/wp-json\/wp\/v2\/media?parent=294"}],"wp:term":[{"taxonomy":"category","embeddable":true,"href":"https:\/\/semmelweis.hu\/mental\/wp-json\/wp\/v2\/categories?post=294"},{"taxonomy":"post_tag","embeddable":true,"href":"https:\/\/semmelweis.hu\/mental\/wp-json\/wp\/v2\/tags?post=294"}],"curies":[{"name":"wp","href":"https:\/\/api.w.org\/{rel}","templated":true}]}}