{"id":293,"date":"2018-06-08T00:00:00","date_gmt":"2018-06-07T22:00:00","guid":{"rendered":"http:\/\/semmelweis.hu\/mental\/397-felveteli-felhivas-szocialis-munka-mesterkepzesre\/"},"modified":"2018-06-18T15:48:53","modified_gmt":"2018-06-18T13:48:53","slug":"felveteli-felhivas-szocialis-munka-mesterkepzesre","status":"publish","type":"post","link":"https:\/\/semmelweis.hu\/mental\/2018\/06\/08\/felveteli-felhivas-szocialis-munka-mesterkepzesre\/","title":{"rendered":"SZOCI\u00c1LIS MUNKA MESTERK\u00c9PZ\u00c9S &#8211; FELV\u00c9TELI ELBESZ\u00c9LGET\u00c9S"},"content":{"rendered":"<p><a href=\"https:\/\/semmelweis.hu\/mental\/files\/2018\/06\/doktori-kepzes.jpg\"><img loading=\"lazy\" decoding=\"async\" class=\"size-medium wp-image-429 alignright\" src=\"https:\/\/semmelweis.hu\/mental\/files\/2018\/06\/doktori-kepzes-300x150.jpg\" alt=\"\" width=\"300\" height=\"150\" srcset=\"https:\/\/semmelweis.hu\/mental\/files\/2018\/06\/doktori-kepzes-300x150.jpg 300w, https:\/\/semmelweis.hu\/mental\/files\/2018\/06\/doktori-kepzes.jpg 318w\" sizes=\"auto, (max-width: 300px) 100vw, 300px\" \/><\/a>Miut\u00e1n az Oktat\u00e1si Hivatal ter\u00edti a jelentkez\u00e9si adatokat, a szoci\u00e1lis munka mesterk\u00e9pz\u00e9sre jelentkez\u0151k sz\u00e1m\u00e1ra megk\u00fcldj\u00fck t\u00e1j\u00e9koztat\u00f3 level\u00fcnket. De addig is szeretn\u00e9nk n\u00e9h\u00e1ny fontos inform\u00e1ci\u00f3t megosztani a felv\u00e9teli menet\u00e9r\u0151l.<span style=\"line-height: 1.3em;\">\u00a0<\/span><\/p>\n<p><strong>A felv\u00e9teli id\u0151pontja: 2015. j\u00fanius 1-3. (h\u00e9tf\u0151-szerda)<\/strong><span style=\"line-height: 1.3em;\">\u00a0<\/span><\/p>\n<p>K\u00e9rj\u00fck, hogy az al\u00e1bbi iratokat sz\u00edveskedj\u00e9k mag\u00e1val hozni:<span style=\"line-height: 1.3em;\">\u00a0<\/span><\/p>\n<ul>\n<li>szem\u00e9lyi igazolv\u00e1ny\u00e1t vagy \u00fatlevel\u00e9t;<\/li>\n<li>diplom\u00e1j\u00e1t \u00e9s annak f\u00e9nym\u00e1solat\u00e1t;<\/li>\n<li>t\u00f6bbletpontokat igazol\u00f3 dokumentumokat \u00e9s azok f\u00e9nym\u00e1solatait (t\u00f6bbletpontokr\u00f3l t\u00e1j\u00e9koztat\u00e1st l\u00e1sd Fels\u0151oktat\u00e1si felv\u00e9teli t\u00e1j\u00e9koztat\u00f3 2015)<\/li>\n<li>publik\u00e1ci\u00f3j\u00e1nak m\u00e1solat\u00e1t (amennyiben van).<span style=\"line-height: 1.3em;\">\u00a0<\/span><\/li>\n<\/ul>\n<p>K\u00e9r\u00fcnk minden jelentkez\u0151t, hogy g\u00e9ppel \u00edrott \u00f6n\u00e9letrajz\u00e1t \u00e9s motiv\u00e1ci\u00f3s level\u00e9t <strong>2015. m\u00e1jus 24-ig <\/strong>k\u00fcldje meg Scheicher Judit (<a href=\"mailto:scheicher.judit@public.semmelweis-univ.hu\">scheicher.judit@public.semmelweis-univ.hu<\/a>) r\u00e9sz\u00e9re.<\/p>\n<p>A felv\u00e9teli k\u00e9t r\u00e9szb\u0151l, egy szem\u00e9lyes szakmai elbesz\u00e9lget\u00e9sb\u0151l valamint egy csoportos interj\u00fab\u00f3l \u00e1ll.<span style=\"line-height: 1.3em;\">\u00a0<\/span><\/p>\n<p>A felv\u00e9teli alapvet\u0151en a szakmai gondolkod\u00e1sra, kritikai hozz\u00e1\u00e1ll\u00e1sra ir\u00e1nyul, ez\u00e9rt nem adunk meg felk\u00e9sz\u00fcl\u00e9si irodalmat.<span style=\"line-height: 1.3em;\">\u00a0<\/span><\/p>\n<p>A d\u00e9lel\u0151tti besz\u00e9lget\u00e9s sor\u00e1n minden jelentkez\u0151 v\u00e1laszt egyet a felsorolt t\u00e9m\u00e1k k\u00f6z\u00fcl (pl: hajl\u00e9ktalans\u00e1g, szenved\u00e9lybetegs\u00e9g, gyermekv\u00e9delem), \u00edgy mindenki a sz\u00e1m\u00e1ra legink\u00e1bb otthonos ter\u00fcletet mutatja be a megadott szempontok alapj\u00e1n.<span style=\"line-height: 1.3em;\">\u00a0<\/span><\/p>\n<p>A sz\u00f3beli felv\u00e9teli vizsg\u00e1n el\u00e9rt pontsz\u00e1mok 2015. j\u00fanius 8-t\u00f3l lesznek el\u00e9rhet\u0151ek a honlapunkon.<\/p>\n","protected":false},"excerpt":{"rendered":"<p><a href=\"https:\/\/semmelweis.hu\/mental\/files\/2018\/06\/doktori-kepzes.jpg\"><\/a> Miut\u00e1n az Oktat\u00e1si Hivatal ter\u00edti a jelentkez\u00e9si adatokat, a szoci\u00e1lis munka mesterk\u00e9pz\u00e9sre jelentkez\u0151k sz\u00e1m\u00e1ra megk\u00fcldj\u00fck t\u00e1j\u00e9koztat\u00f3 level\u00fcnket. De addig is szeretn\u00e9nk n\u00e9h\u00e1ny fontos inform\u00e1ci\u00f3t megosztani a felv\u00e9teli menet\u00e9r\u0151l.\u00a0 A felv\u00e9teli id\u0151pontja: 2015. j\u00fanius 1-3. (h\u00e9tf\u0151-szerda)\u00a0 K\u00e9rj\u00fck, hogy az al\u00e1bbi iratokat sz\u00edveskedj\u00e9k mag\u00e1val hozni:\u00a0 szem\u00e9lyi igazolv\u00e1ny\u00e1t vagy \u00fatlevel\u00e9t; diplom\u00e1j\u00e1t \u00e9s annak f\u00e9nym\u00e1solat\u00e1t; t\u00f6bbletpontokat igazol\u00f3 dokumentumokat \u00e9s &hellip;<\/p>\n","protected":false},"author":101265,"featured_media":537,"comment_status":"closed","ping_status":"closed","sticky":false,"template":"","format":"standard","meta":{"_acf_changed":false,"footnotes":""},"categories":[1],"tags":[],"class_list":["post-293","post","type-post","status-publish","format-standard","has-post-thumbnail","hentry","category-hirek"],"acf":[],"_links":{"self":[{"href":"https:\/\/semmelweis.hu\/mental\/wp-json\/wp\/v2\/posts\/293","targetHints":{"allow":["GET"]}}],"collection":[{"href":"https:\/\/semmelweis.hu\/mental\/wp-json\/wp\/v2\/posts"}],"about":[{"href":"https:\/\/semmelweis.hu\/mental\/wp-json\/wp\/v2\/types\/post"}],"author":[{"embeddable":true,"href":"https:\/\/semmelweis.hu\/mental\/wp-json\/wp\/v2\/users\/101265"}],"replies":[{"embeddable":true,"href":"https:\/\/semmelweis.hu\/mental\/wp-json\/wp\/v2\/comments?post=293"}],"version-history":[{"count":4,"href":"https:\/\/semmelweis.hu\/mental\/wp-json\/wp\/v2\/posts\/293\/revisions"}],"predecessor-version":[{"id":2225,"href":"https:\/\/semmelweis.hu\/mental\/wp-json\/wp\/v2\/posts\/293\/revisions\/2225"}],"wp:featuredmedia":[{"embeddable":true,"href":"https:\/\/semmelweis.hu\/mental\/wp-json\/wp\/v2\/media\/537"}],"wp:attachment":[{"href":"https:\/\/semmelweis.hu\/mental\/wp-json\/wp\/v2\/media?parent=293"}],"wp:term":[{"taxonomy":"category","embeddable":true,"href":"https:\/\/semmelweis.hu\/mental\/wp-json\/wp\/v2\/categories?post=293"},{"taxonomy":"post_tag","embeddable":true,"href":"https:\/\/semmelweis.hu\/mental\/wp-json\/wp\/v2\/tags?post=293"}],"curies":[{"name":"wp","href":"https:\/\/api.w.org\/{rel}","templated":true}]}}