{"id":291,"date":"2018-06-08T00:00:00","date_gmt":"2018-06-07T22:00:00","guid":{"rendered":"http:\/\/semmelweis.hu\/mental\/593-palyazati-felhivas\/"},"modified":"2018-06-18T15:40:55","modified_gmt":"2018-06-18T13:40:55","slug":"palyazati-felhivas","status":"publish","type":"post","link":"https:\/\/semmelweis.hu\/mental\/2018\/06\/08\/palyazati-felhivas\/","title":{"rendered":"P\u00c1LY\u00c1ZATI FELH\u00cdV\u00c1S"},"content":{"rendered":"<p><a href=\"https:\/\/semmelweis.hu\/mental\/files\/2018\/06\/EBH.jpg\"><img loading=\"lazy\" decoding=\"async\" class=\"size-medium wp-image-701 alignright\" src=\"https:\/\/semmelweis.hu\/mental\/files\/2018\/06\/EBH-300x225-1-300x225.jpg\" alt=\"\" width=\"300\" height=\"225\" \/><\/a>Az Egyenl\u0151 B\u00e1n\u00e1sm\u00f3d Hat\u00f3s\u00e1g 2015-ben, m\u0171k\u00f6d\u00e9s\u00e9nek 10. \u00e9vfordul\u00f3j\u00e1hoz kapcsol\u00f3d\u00f3an \u201eAz Egyenl\u0151 B\u00e1n\u00e1sm\u00f3d Hat\u00f3s\u00e1g 10 \u00e9ve\u201d c\u00edmmel p\u00e1ly\u00e1zatot hirdet.<br \/>\nA p\u00e1ly\u00e1zat c\u00e9lja az Egyenl\u0151 B\u00e1n\u00e1sm\u00f3d Hat\u00f3s\u00e1g szerep\u00e9nek \u00e9s a hat\u00f3s\u00e1gi elj\u00e1r\u00e1s gyakorlat\u00e1nak \u00e1tfog\u00f3, tudom\u00e1nyos feldolgoz\u00e1sa \u00e9s a hat\u00f3s\u00e1gi szolg\u00e1ltat\u00e1sok fejleszt\u00e9se.<br \/>\nA k\u00e9tfordul\u00f3s p\u00e1ly\u00e1zatban kiv\u00e1lasztott elemz\u00e9seket jubileumi kiadv\u00e1nyban tervezz\u00fck megjelentetni. Az els\u0151 fordul\u00f3 jelentkez\u00e9si hat\u00e1rideje:\u00a0<span style=\"color: #ff0000;\">2015. j\u00fanius 1.<\/span><br \/>\nJelentkez\u00e9si lap \u00e9s kit\u00f6lt\u00e9si \u00fatmutat\u00f3 a lap alj\u00e1n az un. &#8222;<span style=\"color: #3366ff;\">Csatolt dokumentumok<\/span>&#8221; -ban tal\u00e1lhat\u00f3k.<\/p>\n<p><span style=\"color: #2020a0; font-family: Calibri; font-size: medium;\">\u00a0<\/span><\/p>\n<p>Csatolt dokumentumok (4)<br \/>\n&#8211; <a href=\"https:\/\/semmelweis.hu\/mental\/files\/2018\/06\/P\u00e1ly\u00e1zati-felh\u00edv\u00e1s_EBH.pdf\" rel=\"noopener\" target=\"_blank\">P\u00e1ly\u00e1zati felh\u00edv\u00e1sAz Egyenl\u0151 B\u00e1n\u00e1sm\u00f3d Hat\u00f3s\u00e1g 10 \u00e9ve 2005-2015<\/a><br \/>\n&#8211; <a href=\"https:\/\/semmelweis.hu\/mental\/files\/2018\/06\/tmutat\u00f3_EBH.pdf\" rel=\"noopener\" target=\"_blank\">\u00datmutat\u00f3Az Egyenl\u0151 B\u00e1n\u00e1sm\u00f3d Hat\u00f3s\u00e1g 10 \u00e9ve 2005-2015<\/a><br \/>\n&#8211; <a href=\"https:\/\/semmelweis.hu\/mental\/files\/2018\/06\/p\u00e1ly\u00e1zati-adatlap_EBH.pdf\" rel=\"noopener\" target=\"_blank\">P\u00e1ly\u00e1zati adatlap (pdf)Az Egyenl\u0151 B\u00e1n\u00e1sm\u00f3d Hat\u00f3s\u00e1g 10 \u00e9ve 2005-2015<\/a><br \/>\n&#8211; <a href=\"https:\/\/semmelweis.hu\/mental\/files\/2018\/06\/p\u00e1ly\u00e1zati-adatlap_EBH.doc\">P\u00e1ly\u00e1zati adatlap (doc)Az Egyenl\u0151 B\u00e1n\u00e1sm\u00f3d Hat\u00f3s\u00e1g 10 \u00e9ve 2005-2015<\/a><\/p>\n","protected":false},"excerpt":{"rendered":"<p><a href=\"https:\/\/semmelweis.hu\/mental\/files\/2018\/06\/EBH.jpg\"><\/a> Az Egyenl\u0151 B\u00e1n\u00e1sm\u00f3d Hat\u00f3s\u00e1g 2015-ben, m\u0171k\u00f6d\u00e9s\u00e9nek 10. \u00e9vfordul\u00f3j\u00e1hoz kapcsol\u00f3d\u00f3an \u201eAz Egyenl\u0151 B\u00e1n\u00e1sm\u00f3d Hat\u00f3s\u00e1g 10 \u00e9ve\u201d c\u00edmmel p\u00e1ly\u00e1zatot hirdet. A p\u00e1ly\u00e1zat c\u00e9lja az Egyenl\u0151 B\u00e1n\u00e1sm\u00f3d Hat\u00f3s\u00e1g szerep\u00e9nek \u00e9s a hat\u00f3s\u00e1gi elj\u00e1r\u00e1s gyakorlat\u00e1nak \u00e1tfog\u00f3, tudom\u00e1nyos feldolgoz\u00e1sa \u00e9s a hat\u00f3s\u00e1gi szolg\u00e1ltat\u00e1sok fejleszt\u00e9se. A k\u00e9tfordul\u00f3s p\u00e1ly\u00e1zatban kiv\u00e1lasztott elemz\u00e9seket jubileumi kiadv\u00e1nyban tervezz\u00fck megjelentetni. Az els\u0151 fordul\u00f3 jelentkez\u00e9si hat\u00e1rideje:\u00a02015. j\u00fanius 1. &hellip;<\/p>\n","protected":false},"author":101265,"featured_media":444,"comment_status":"closed","ping_status":"closed","sticky":false,"template":"","format":"standard","meta":{"_acf_changed":false,"footnotes":""},"categories":[1],"tags":[],"class_list":["post-291","post","type-post","status-publish","format-standard","has-post-thumbnail","hentry","category-hirek"],"acf":[],"_links":{"self":[{"href":"https:\/\/semmelweis.hu\/mental\/wp-json\/wp\/v2\/posts\/291","targetHints":{"allow":["GET"]}}],"collection":[{"href":"https:\/\/semmelweis.hu\/mental\/wp-json\/wp\/v2\/posts"}],"about":[{"href":"https:\/\/semmelweis.hu\/mental\/wp-json\/wp\/v2\/types\/post"}],"author":[{"embeddable":true,"href":"https:\/\/semmelweis.hu\/mental\/wp-json\/wp\/v2\/users\/101265"}],"replies":[{"embeddable":true,"href":"https:\/\/semmelweis.hu\/mental\/wp-json\/wp\/v2\/comments?post=291"}],"version-history":[{"count":3,"href":"https:\/\/semmelweis.hu\/mental\/wp-json\/wp\/v2\/posts\/291\/revisions"}],"predecessor-version":[{"id":2220,"href":"https:\/\/semmelweis.hu\/mental\/wp-json\/wp\/v2\/posts\/291\/revisions\/2220"}],"wp:featuredmedia":[{"embeddable":true,"href":"https:\/\/semmelweis.hu\/mental\/wp-json\/wp\/v2\/media\/444"}],"wp:attachment":[{"href":"https:\/\/semmelweis.hu\/mental\/wp-json\/wp\/v2\/media?parent=291"}],"wp:term":[{"taxonomy":"category","embeddable":true,"href":"https:\/\/semmelweis.hu\/mental\/wp-json\/wp\/v2\/categories?post=291"},{"taxonomy":"post_tag","embeddable":true,"href":"https:\/\/semmelweis.hu\/mental\/wp-json\/wp\/v2\/tags?post=291"}],"curies":[{"name":"wp","href":"https:\/\/api.w.org\/{rel}","templated":true}]}}