{"id":289,"date":"2018-06-08T00:00:00","date_gmt":"2018-06-07T22:00:00","guid":{"rendered":"http:\/\/semmelweis.hu\/mental\/581-konferencia-kettos-randevu-tudomanyagak-es-modszerek-talalkozasa\/"},"modified":"2018-06-18T15:29:14","modified_gmt":"2018-06-18T13:29:14","slug":"konferencia-kettos-randevu-tudomanyagak-es-modszerek-talalkozasa","status":"publish","type":"post","link":"https:\/\/semmelweis.hu\/mental\/2018\/06\/08\/konferencia-kettos-randevu-tudomanyagak-es-modszerek-talalkozasa\/","title":{"rendered":"KONFERENCIA &#8211; KETT\u0150S RANDEV\u00da"},"content":{"rendered":"<p><span style=\"color: #000000;\">Int\u00e9zet\u00fcnk\u00a0<em>Kett\u0151s randev\u00fa &#8211; Tudom\u00e1ny\u00e1gak \u00e9s m\u00f3dszerek tal\u00e1lkoz\u00e1sa<\/em> c\u00edmmel konferenci\u00e1t rendez.<br \/>\nA konferencia\u00a0el\u0151ad\u00e1sai \u00e9s a m\u0171helyei k\u00fcl\u00f6nb\u00f6z\u0151 kutat\u00e1sm\u00f3dszertani paradigm\u00e1k adta lehet\u0151s\u00e9geket j\u00e1rnak k\u00f6r\u00fcl.\u00a0<\/span><\/p>\n<p><span style=\"color: #000000;\">Id\u0151pont:\u00a0<span style=\"color: #ff0000;\"><strong><span style=\"color: #000000;\">2015. m\u00e1jus 20.<\/span><br \/>\n<\/strong><\/span><\/span><span style=\"color: #000000;\">Helysz\u00edn: <strong>Semmelweis Egyetem, Nagyv\u00e1rad t\u00e9ri Elm\u00e9leti T\u00f6mb, Tan\u00e1csterem<\/strong><br \/>\n(1089 Budapest, Nagyv\u00e1rad t\u00e9r 4.)\u00a0<\/span><\/p>\n<p><span style=\"color: #000000;\">Tov\u00e1bbi r\u00e9szletek a programr\u00f3l \u00e9s az el\u0151ad\u00f3kr\u00f3l a konferencia honlapj\u00e1n:<br \/>\n<\/span><span style=\"color: #000000;\"><a href=\"\/konferencia2015\" target=\"_blank\" rel=\"noopener\">http:\/\/mental.semmelweis.hu\/konferencia2015<\/a><\/span><\/p>\n<p><a href=\"https:\/\/semmelweis.hu\/mental\/files\/2018\/06\/ketts-randev.jpg\"><img loading=\"lazy\" decoding=\"async\" src=\"https:\/\/semmelweis.hu\/mental\/files\/2018\/06\/ketts-randev.jpg\" alt=\"\" width=\"554\" height=\"774\" border=\"0\" \/><\/a><\/p>\n","protected":false},"excerpt":{"rendered":"<p>Int\u00e9zet\u00fcnk\u00a0Kett\u0151s randev\u00fa &#8211; Tudom\u00e1ny\u00e1gak \u00e9s m\u00f3dszerek tal\u00e1lkoz\u00e1sa c\u00edmmel konferenci\u00e1t rendez.<br \/>\nA konferencia\u00a0el\u0151ad\u00e1sai \u00e9s a m\u0171helyei k\u00fcl\u00f6nb\u00f6z\u0151 kutat\u00e1sm\u00f3dszertani paradigm\u00e1k adta lehet\u0151s\u00e9geket j\u00e1rnak k\u00f6r\u00fcl.\u00a0<br \/>\nId\u0151pont:\u00a02015. m\u00e1jus 20.<br \/>\nHelysz\u00edn: Semmelweis Egyetem, Nagyv\u00e1rad t\u00e9ri Elm\u00e9leti T\u00f6mb, Tan\u00e1csterem<br \/>\n(1089 Budapest, Nagyv\u00e1rad t\u00e9r 4.)\u00a0<br \/>\nTov\u00e1bbi r\u00e9szletek a programr\u00f3l \u00e9s az el\u0151ad\u00f3kr\u00f3l a konferencia honlapj\u00e1n:<br \/>\n<a href=\"\/konferencia2015\" target=\"_blank\" rel=\"noopener\">http:\/\/mental.semmelweis.hu\/konferencia2015<\/a><br \/>\n<a href=\"https:\/\/semmelweis.hu\/mental\/files\/2018\/06\/ketts-randev.jpg\"><\/a><\/p>\n","protected":false},"author":101265,"featured_media":398,"comment_status":"closed","ping_status":"closed","sticky":false,"template":"","format":"standard","meta":{"_acf_changed":false,"footnotes":""},"categories":[1],"tags":[],"class_list":["post-289","post","type-post","status-publish","format-standard","has-post-thumbnail","hentry","category-hirek"],"acf":[],"_links":{"self":[{"href":"https:\/\/semmelweis.hu\/mental\/wp-json\/wp\/v2\/posts\/289","targetHints":{"allow":["GET"]}}],"collection":[{"href":"https:\/\/semmelweis.hu\/mental\/wp-json\/wp\/v2\/posts"}],"about":[{"href":"https:\/\/semmelweis.hu\/mental\/wp-json\/wp\/v2\/types\/post"}],"author":[{"embeddable":true,"href":"https:\/\/semmelweis.hu\/mental\/wp-json\/wp\/v2\/users\/101265"}],"replies":[{"embeddable":true,"href":"https:\/\/semmelweis.hu\/mental\/wp-json\/wp\/v2\/comments?post=289"}],"version-history":[{"count":4,"href":"https:\/\/semmelweis.hu\/mental\/wp-json\/wp\/v2\/posts\/289\/revisions"}],"predecessor-version":[{"id":2211,"href":"https:\/\/semmelweis.hu\/mental\/wp-json\/wp\/v2\/posts\/289\/revisions\/2211"}],"wp:featuredmedia":[{"embeddable":true,"href":"https:\/\/semmelweis.hu\/mental\/wp-json\/wp\/v2\/media\/398"}],"wp:attachment":[{"href":"https:\/\/semmelweis.hu\/mental\/wp-json\/wp\/v2\/media?parent=289"}],"wp:term":[{"taxonomy":"category","embeddable":true,"href":"https:\/\/semmelweis.hu\/mental\/wp-json\/wp\/v2\/categories?post=289"},{"taxonomy":"post_tag","embeddable":true,"href":"https:\/\/semmelweis.hu\/mental\/wp-json\/wp\/v2\/tags?post=289"}],"curies":[{"name":"wp","href":"https:\/\/api.w.org\/{rel}","templated":true}]}}