{"id":288,"date":"2018-06-08T00:00:00","date_gmt":"2018-06-07T22:00:00","guid":{"rendered":"http:\/\/semmelweis.hu\/mental\/594-hiradas\/"},"modified":"2018-06-18T15:15:38","modified_gmt":"2018-06-18T13:15:38","slug":"hiradas","status":"publish","type":"post","link":"https:\/\/semmelweis.hu\/mental\/2018\/06\/08\/hiradas\/","title":{"rendered":"H\u00cdRAD\u00c1S &#8211; KONFERENCI\u00c1R\u00d3L"},"content":{"rendered":"<p>A Semmelweis Egyetem hivatalos honlapj\u00e1n besz\u00e1mol\u00f3 olvashat\u00f3 a Ment\u00e1lhigi\u00e9n\u00e9 Int\u00e9zet \u00e1ltal 2015. m\u00e1jus 20-\u00e1n rendezett &#8222;Kett\u0151s randev\u00fa &#8211; Tudom\u00e1ny\u00e1gak \u00e9s m\u00f3dszerek tal\u00e1lkoz\u00e1sa&#8221; c\u00edm\u0171 konferenci\u00e1r\u00f3l, mely az al\u00e1bbi linken \u00e9rhet\u0151 el:<br \/>\n<a href=\"https:\/\/semmelweis.hu\/hirek\/2015\/05\/25\/kettos-randevu-konferencia-a-kvalitativ-es-kvantitativ-kutatas-dilemmairol\/\" target=\"_blank\" rel=\"noopener\">https:\/\/semmelweis.hu\/hirek\/2015\/05\/25\/kettos-randevu-konferencia-a-kvalitativ-es-kvantitativ-kutatas-dilemmairol\/<\/a><\/p>\n","protected":false},"excerpt":{"rendered":"<p>A Semmelweis Egyetem hivatalos honlapj\u00e1n besz\u00e1mol\u00f3 olvashat\u00f3 a Ment\u00e1lhigi\u00e9n\u00e9 Int\u00e9zet \u00e1ltal 2015. m\u00e1jus 20-\u00e1n rendezett &#8222;Kett\u0151s randev\u00fa &#8211; Tudom\u00e1ny\u00e1gak \u00e9s m\u00f3dszerek tal\u00e1lkoz\u00e1sa&#8221; c\u00edm\u0171 konferenci\u00e1r\u00f3l, mely az al\u00e1bbi linken \u00e9rhet\u0151 el:<br \/>\n<a href=\"https:\/\/semmelweis.hu\/hirek\/2015\/05\/25\/kettos-randevu-konferencia-a-kvalitativ-es-kvantitativ-kutatas-dilemmairol\/\" target=\"_blank\" rel=\"noopener\">https:\/\/semmelweis.hu\/hirek\/2015\/05\/25\/kettos-randevu-konferencia-a-kvalitativ-es-kvantitativ-kutatas-dilemmairol\/<\/a><\/p>\n","protected":false},"author":101265,"featured_media":492,"comment_status":"closed","ping_status":"closed","sticky":false,"template":"","format":"standard","meta":{"_acf_changed":false,"footnotes":""},"categories":[1],"tags":[],"class_list":["post-288","post","type-post","status-publish","format-standard","has-post-thumbnail","hentry","category-hirek"],"acf":[],"_links":{"self":[{"href":"https:\/\/semmelweis.hu\/mental\/wp-json\/wp\/v2\/posts\/288","targetHints":{"allow":["GET"]}}],"collection":[{"href":"https:\/\/semmelweis.hu\/mental\/wp-json\/wp\/v2\/posts"}],"about":[{"href":"https:\/\/semmelweis.hu\/mental\/wp-json\/wp\/v2\/types\/post"}],"author":[{"embeddable":true,"href":"https:\/\/semmelweis.hu\/mental\/wp-json\/wp\/v2\/users\/101265"}],"replies":[{"embeddable":true,"href":"https:\/\/semmelweis.hu\/mental\/wp-json\/wp\/v2\/comments?post=288"}],"version-history":[{"count":2,"href":"https:\/\/semmelweis.hu\/mental\/wp-json\/wp\/v2\/posts\/288\/revisions"}],"predecessor-version":[{"id":2203,"href":"https:\/\/semmelweis.hu\/mental\/wp-json\/wp\/v2\/posts\/288\/revisions\/2203"}],"wp:featuredmedia":[{"embeddable":true,"href":"https:\/\/semmelweis.hu\/mental\/wp-json\/wp\/v2\/media\/492"}],"wp:attachment":[{"href":"https:\/\/semmelweis.hu\/mental\/wp-json\/wp\/v2\/media?parent=288"}],"wp:term":[{"taxonomy":"category","embeddable":true,"href":"https:\/\/semmelweis.hu\/mental\/wp-json\/wp\/v2\/categories?post=288"},{"taxonomy":"post_tag","embeddable":true,"href":"https:\/\/semmelweis.hu\/mental\/wp-json\/wp\/v2\/tags?post=288"}],"curies":[{"name":"wp","href":"https:\/\/api.w.org\/{rel}","templated":true}]}}