{"id":287,"date":"2018-06-08T00:00:00","date_gmt":"2018-06-07T22:00:00","guid":{"rendered":"http:\/\/semmelweis.hu\/mental\/597-mentalhigienes-csaladtudomanyi-es-csaladterapias-mesterkepzes-felveteli-pontszamok\/"},"modified":"2018-06-18T14:54:51","modified_gmt":"2018-06-18T12:54:51","slug":"mentalhigienes-csaladtudomanyi-es-csaladterapias-mesterkepzes-felveteli-pontszamok","status":"publish","type":"post","link":"https:\/\/semmelweis.hu\/mental\/2018\/06\/08\/mentalhigienes-csaladtudomanyi-es-csaladterapias-mesterkepzes-felveteli-pontszamok\/","title":{"rendered":"MENT\u00c1LHIGI\u00c9N\u00c9S CSAL\u00c1DTUDOM\u00c1NYI \u00c9S CSAL\u00c1DTER\u00c1PI\u00c1S MESTERK\u00c9PZ\u00c9S &#8211; FELV\u00c9TELI PONTSZ\u00c1MOK"},"content":{"rendered":"<p><a href=\"https:\/\/semmelweis.hu\/mental\/files\/2018\/06\/family-tree.jpg\"><img loading=\"lazy\" decoding=\"async\" class=\"size-medium wp-image-455 alignleft\" src=\"https:\/\/semmelweis.hu\/mental\/files\/2018\/06\/family-tree-257x300.jpg\" alt=\"\" width=\"257\" height=\"300\" srcset=\"https:\/\/semmelweis.hu\/mental\/files\/2018\/06\/family-tree-257x300.jpg 257w, https:\/\/semmelweis.hu\/mental\/files\/2018\/06\/family-tree.jpg 400w\" sizes=\"auto, (max-width: 257px) 100vw, 257px\" \/><\/a>2015. j\u00fanius 1-12 k\u00f6z\u00f6tt lezajlottak a ment\u00e1lhigi\u00e9n\u00e9s csal\u00e1dtudom\u00e1nyi \u00e9s csal\u00e1dter\u00e1pi\u00e1s mesterk\u00e9pz\u00e9s felv\u00e9teli elbesz\u00e9lget\u00e9sei. A felv\u00e9telin el\u00e9rt pontsz\u00e1mok a csatolt dokumentumban megtekinthet\u0151k. A t\u00e1bl\u00e1zatban csak a felv\u00e9telin el\u00e9rt pontsz\u00e1mok (max. 95 pont) szerepelnek, a t\u00f6bbletpontok nem.<br \/>\nAz eredm\u00e9nyeket a felv\u00e9teli azonos\u00edt\u00f3 alapj\u00e1n k\u00f6z\u00f6lt\u00fck. A k\u00e9pz\u00e9s felv\u00e9teli ponthat\u00e1rai j\u00falius v\u00e9g\u00e9n, az egys\u00e9ges vonalh\u00faz\u00e1skor lesznek el\u00e9rhet\u0151ek.<\/p>\n<p>&nbsp;<\/p>\n<p>Csatolt dokumentumok (1)<br \/>\n&#8211; <a href=\"https:\/\/semmelweis.hu\/mental\/files\/2018\/06\/CsaladMA_felveteli_pontsz\u00e1mok_2015.pdf\" rel=\"noopener\" target=\"_blank\">Ment\u00e1lhigi\u00e9n\u00e9s csal\u00e1dtudom\u00e1nyi \u00e9s csal\u00e1dter\u00e1pi\u00e1s mesterk\u00e9pz\u00e9si szakra jelentkez\u0151k felv\u00e9telin szerzett pontjai2015<\/a><\/p>\n","protected":false},"excerpt":{"rendered":"<p><a href=\"https:\/\/semmelweis.hu\/mental\/files\/2018\/06\/family-tree.jpg\"><\/a> 2015. j\u00fanius 1-12 k\u00f6z\u00f6tt lezajlottak a ment\u00e1lhigi\u00e9n\u00e9s csal\u00e1dtudom\u00e1nyi \u00e9s csal\u00e1dter\u00e1pi\u00e1s mesterk\u00e9pz\u00e9s felv\u00e9teli elbesz\u00e9lget\u00e9sei. A felv\u00e9telin el\u00e9rt pontsz\u00e1mok a csatolt dokumentumban megtekinthet\u0151k. A t\u00e1bl\u00e1zatban csak a felv\u00e9telin el\u00e9rt pontsz\u00e1mok (max. 95 pont) szerepelnek, a t\u00f6bbletpontok nem. Az eredm\u00e9nyeket a felv\u00e9teli azonos\u00edt\u00f3 alapj\u00e1n k\u00f6z\u00f6lt\u00fck. A k\u00e9pz\u00e9s felv\u00e9teli ponthat\u00e1rai j\u00falius v\u00e9g\u00e9n, az egys\u00e9ges vonalh\u00faz\u00e1skor lesznek el\u00e9rhet\u0151ek. &nbsp; Csatolt &hellip;<\/p>\n","protected":false},"author":101265,"featured_media":455,"comment_status":"closed","ping_status":"closed","sticky":false,"template":"","format":"standard","meta":{"_acf_changed":false,"footnotes":""},"categories":[1],"tags":[],"class_list":["post-287","post","type-post","status-publish","format-standard","has-post-thumbnail","hentry","category-hirek"],"acf":[],"_links":{"self":[{"href":"https:\/\/semmelweis.hu\/mental\/wp-json\/wp\/v2\/posts\/287","targetHints":{"allow":["GET"]}}],"collection":[{"href":"https:\/\/semmelweis.hu\/mental\/wp-json\/wp\/v2\/posts"}],"about":[{"href":"https:\/\/semmelweis.hu\/mental\/wp-json\/wp\/v2\/types\/post"}],"author":[{"embeddable":true,"href":"https:\/\/semmelweis.hu\/mental\/wp-json\/wp\/v2\/users\/101265"}],"replies":[{"embeddable":true,"href":"https:\/\/semmelweis.hu\/mental\/wp-json\/wp\/v2\/comments?post=287"}],"version-history":[{"count":3,"href":"https:\/\/semmelweis.hu\/mental\/wp-json\/wp\/v2\/posts\/287\/revisions"}],"predecessor-version":[{"id":2188,"href":"https:\/\/semmelweis.hu\/mental\/wp-json\/wp\/v2\/posts\/287\/revisions\/2188"}],"wp:featuredmedia":[{"embeddable":true,"href":"https:\/\/semmelweis.hu\/mental\/wp-json\/wp\/v2\/media\/455"}],"wp:attachment":[{"href":"https:\/\/semmelweis.hu\/mental\/wp-json\/wp\/v2\/media?parent=287"}],"wp:term":[{"taxonomy":"category","embeddable":true,"href":"https:\/\/semmelweis.hu\/mental\/wp-json\/wp\/v2\/categories?post=287"},{"taxonomy":"post_tag","embeddable":true,"href":"https:\/\/semmelweis.hu\/mental\/wp-json\/wp\/v2\/tags?post=287"}],"curies":[{"name":"wp","href":"https:\/\/api.w.org\/{rel}","templated":true}]}}