{"id":286,"date":"2018-06-08T00:00:00","date_gmt":"2018-06-07T22:00:00","guid":{"rendered":"http:\/\/semmelweis.hu\/mental\/591-akcios-konyvvasar\/"},"modified":"2018-06-18T15:13:32","modified_gmt":"2018-06-18T13:13:32","slug":"akcios-konyvvasar","status":"publish","type":"post","link":"https:\/\/semmelweis.hu\/mental\/2018\/06\/08\/akcios-konyvvasar\/","title":{"rendered":"AKCI\u00d3S K\u00d6NYVV\u00c1S\u00c1R"},"content":{"rendered":"<p>A P\u00e1rbesz\u00e9d Alap\u00edtv\u00e1ny \u00e9s a Semmelweis Egyetem Ment\u00e1lhigi\u00e9n\u00e9 Int\u00e9zet \u00e1ltal forgalmazott k\u00f6nyveinkb\u0151l akci\u00f3s k\u00f6nyvv\u00e1s\u00e1rt szervez\u00fcnk, melynek keret\u00e9ben szeretettel aj\u00e1nljuk figyelm\u00fckbe akci\u00f3s csomagjainkat.<br \/>\nK\u00e9rj\u00fck az akci\u00f3s k\u00f6nyvcsomagokkal kapcsolatos megrendel\u00e9s\u00fcket a <strong>csomagsz\u00e1m<\/strong> \u00e9s a <strong>sz\u00e1mlaig\u00e9ny<\/strong> felt\u00fcntet\u00e9s\u00e9vel el\u0151re jelezz\u00e9k a\u00a0<a href=\"mailto:parbeszed.konyv@gmail.com\">parbeszed.konyv@gmail.com<\/a> e-mail c\u00edmen.<\/p>\n<p><strong style=\"font-size: 12.1599998474121px; line-height: 1.3em;\">P1 csomag*<\/strong><span style=\"font-size: 12.1599998474121px; line-height: 1.3em;\"> (45% kedvezm\u00e9ny):<br \/>\n<\/span>A seg\u00edt\u00e9s \u00fatja (2003\/1) + \u00c9l\u0151 k\u00f6zvet\u00edt\u00e9s (2008\/2) + Szabadul\u00e1s el\u0151tt \u00e9s ut\u00e1n (2008\/3)<br \/>\n<strong>A h\u00e1rom Embert\u00e1rs akci\u00f3s \u00e1ra: 1.500,- Ft<\/strong> (eredeti \u00e1r: 2.680,- Ft)<\/p>\n<p><strong>P2 csomag*<\/strong> (45% kedvezm\u00e9ny):<br \/>\nA seg\u00edt\u00e9s \u00fatja (2003\/1) + \u00c9let\u00fcnk a k\u00f6z\u00f6ss\u00e9g (2005\/4) + Az ember \u00e9s az eg\u00e9szs\u00e9g \u00fcgye (2009\/1)<br \/>\n<strong>A h\u00e1rom Embert\u00e1rs akci\u00f3s \u00e1ra 1.500,- Ft<\/strong> (eredeti \u00e1r: 2.750,- Ft)<\/p>\n<p><em>*A P1 \u00e9s P2 csomaghoz minden v\u00e1s\u00e1rl\u00f3nk aj\u00e1nd\u00e9kba kapja Semsey G.: Sz\u00ednh\u00e1z, szent\u00e9ly, stadion c. k\u00f6nyv\u00e9t (eredeti \u00e1ra: 700,- Ft)<\/em><\/p>\n<p><strong>S1 csomag<\/strong> (35% kedvezm\u00e9ny):<br \/>\nTomka Mikl\u00f3s: A vall\u00e1s a modern vil\u00e1gban + Antoine Vergote: B\u0171ntudat \u00e9s v\u00e1gy + Helyzet \u00e9rt\u00e9kek (Embert\u00e1rs 2010\/4)<br \/>\n<strong>A h\u00e1rom kiadv\u00e1ny akci\u00f3s \u00e1ra: 4.680,- Ft<\/strong> (eredeti \u00e1r: 7200,- Ft)<\/p>\n<p><strong>S2 csomag<\/strong> (25 % kedvezm\u00e9ny):<br \/>\nTomka Mikl\u00f3s: A vall\u00e1s a modern vil\u00e1gban + Helyzet \u00e9rt\u00e9kek (Embert\u00e1rs: 2010\/4)<br \/>\n<strong>A k\u00e9t kiadv\u00e1ny akci\u00f3s \u00e1ra: 3.000,- Ft<\/strong> (eredeti \u00e1r: 4000,- Ft)<\/p>\n<p><strong>S3 csomag<\/strong> (25 % kedvezm\u00e9ny):<br \/>\nAntoine Vergote: B\u0171ntudat \u00e9s v\u00e1gy + Helyzet \u00e9rt\u00e9kek (Embert\u00e1rs: 2010\/4)<br \/>\n<strong>A k\u00e9t kiadv\u00e1ny akci\u00f3s \u00e1ra: 3.150,- Ft<\/strong> (eredeti \u00e1r: 4.200,- Ft)<\/p>\n<p><strong>S4 csomag<\/strong> (20% kedvezm\u00e9ny):<br \/>\nTomka Mikl\u00f3s: A vall\u00e1s a modern vil\u00e1gban + Antoine Vergote: B\u0171ntudat \u00e9s v\u00e1gy<br \/>\n<strong>A k\u00e9t k\u00f6nyv akci\u00f3s \u00e1ra: 4.960,- Ft<\/strong> (eredeti \u00e1r: 6.200,- Ft)<\/p>\n","protected":false},"excerpt":{"rendered":"<p>A P\u00e1rbesz\u00e9d Alap\u00edtv\u00e1ny \u00e9s a Semmelweis Egyetem Ment\u00e1lhigi\u00e9n\u00e9 Int\u00e9zet \u00e1ltal forgalmazott k\u00f6nyveinkb\u0151l akci\u00f3s k\u00f6nyvv\u00e1s\u00e1rt szervez\u00fcnk, melynek keret\u00e9ben szeretettel aj\u00e1nljuk figyelm\u00fckbe akci\u00f3s csomagjainkat. K\u00e9rj\u00fck az akci\u00f3s k\u00f6nyvcsomagokkal kapcsolatos megrendel\u00e9s\u00fcket a csomagsz\u00e1m \u00e9s a sz\u00e1mlaig\u00e9ny felt\u00fcntet\u00e9s\u00e9vel el\u0151re jelezz\u00e9k a\u00a0 <a href=\"mailto:parbeszed.konyv@gmail.com\">parbeszed.konyv@gmail.com<\/a> e-mail c\u00edmen. P1 csomag* (45% kedvezm\u00e9ny): A seg\u00edt\u00e9s \u00fatja (2003\/1) + \u00c9l\u0151 k\u00f6zvet\u00edt\u00e9s (2008\/2) + Szabadul\u00e1s el\u0151tt \u00e9s &hellip;<\/p>\n","protected":false},"author":101265,"featured_media":496,"comment_status":"closed","ping_status":"closed","sticky":false,"template":"","format":"standard","meta":{"_acf_changed":false,"footnotes":""},"categories":[1],"tags":[],"class_list":["post-286","post","type-post","status-publish","format-standard","has-post-thumbnail","hentry","category-hirek"],"acf":[],"_links":{"self":[{"href":"https:\/\/semmelweis.hu\/mental\/wp-json\/wp\/v2\/posts\/286","targetHints":{"allow":["GET"]}}],"collection":[{"href":"https:\/\/semmelweis.hu\/mental\/wp-json\/wp\/v2\/posts"}],"about":[{"href":"https:\/\/semmelweis.hu\/mental\/wp-json\/wp\/v2\/types\/post"}],"author":[{"embeddable":true,"href":"https:\/\/semmelweis.hu\/mental\/wp-json\/wp\/v2\/users\/101265"}],"replies":[{"embeddable":true,"href":"https:\/\/semmelweis.hu\/mental\/wp-json\/wp\/v2\/comments?post=286"}],"version-history":[{"count":3,"href":"https:\/\/semmelweis.hu\/mental\/wp-json\/wp\/v2\/posts\/286\/revisions"}],"predecessor-version":[{"id":2201,"href":"https:\/\/semmelweis.hu\/mental\/wp-json\/wp\/v2\/posts\/286\/revisions\/2201"}],"wp:featuredmedia":[{"embeddable":true,"href":"https:\/\/semmelweis.hu\/mental\/wp-json\/wp\/v2\/media\/496"}],"wp:attachment":[{"href":"https:\/\/semmelweis.hu\/mental\/wp-json\/wp\/v2\/media?parent=286"}],"wp:term":[{"taxonomy":"category","embeddable":true,"href":"https:\/\/semmelweis.hu\/mental\/wp-json\/wp\/v2\/categories?post=286"},{"taxonomy":"post_tag","embeddable":true,"href":"https:\/\/semmelweis.hu\/mental\/wp-json\/wp\/v2\/tags?post=286"}],"curies":[{"name":"wp","href":"https:\/\/api.w.org\/{rel}","templated":true}]}}