{"id":285,"date":"2018-06-08T00:00:00","date_gmt":"2018-06-07T22:00:00","guid":{"rendered":"http:\/\/semmelweis.hu\/mental\/592-konyvbemutato-grounded\/"},"modified":"2018-06-18T15:11:17","modified_gmt":"2018-06-18T13:11:17","slug":"konyvbemutato-grounded","status":"publish","type":"post","link":"https:\/\/semmelweis.hu\/mental\/2018\/06\/08\/konyvbemutato-grounded\/","title":{"rendered":"K\u00d6NYVBEMUTAT\u00d3"},"content":{"rendered":"<p>A L&#8217;Harmattan Kiad\u00f3 \u00e9s a Semmelweis Egyetem Ment\u00e1lhigi\u00e9n\u00e9 Int\u00e9zet k\u00f6z\u00f6s kiad\u00e1s\u00e1ban megjelenik\u00a0magyar nyelven\u00a0J. Corbin \u00e9s A. Strauss <em>A kvalitat\u00edv kutat\u00e1s alapjai &#8211; A Grounded Theory elemz\u00e9si m\u00f3dszer technik\u00e1ja \u00e9s elj\u00e1r\u00e1sai <\/em>c\u00edm\u0171 k\u00f6nyve (\u00a9 SAGE, 2008).<br \/>\nA k\u00f6nyvbemutat\u00f3 kerekasztal-besz\u00e9lget\u00e9s id\u0151pontja:\u00a02015. m\u00e1jus 19. (kedd) d\u00e9lut\u00e1n 5 \u00f3ra.<br \/>\nHelysz\u00edn: Semmelweis Szalon (1085 Budapest \u00dcll\u0151i \u00fat 26.).<\/p>\n<p>A kerekasztal-besz\u00e9lget\u00e9s felk\u00e9rt r\u00e9sztvev\u0151i:<br \/>\nDr. Ehmann Bea (a k\u00f6nyv ford\u00edt\u00f3ja), Dr. Kov\u00e1cs \u00c9va, Dr. R\u00e1cz J\u00f3zsef, Dr. V\u00e1radi P\u00e9ter (L&#8217;Harmattan Kiad\u00f3).<br \/>\nModer\u00e1tor: Dr. Sallay Viola.<\/p>\n<p>Szeretettel v\u00e1runk minden \u00e9rdekl\u0151d\u0151t!<\/p>\n","protected":false},"excerpt":{"rendered":"<p>A L&#8217;Harmattan Kiad\u00f3 \u00e9s a Semmelweis Egyetem Ment\u00e1lhigi\u00e9n\u00e9 Int\u00e9zet k\u00f6z\u00f6s kiad\u00e1s\u00e1ban megjelenik\u00a0magyar nyelven\u00a0J. Corbin \u00e9s A. Strauss A kvalitat\u00edv kutat\u00e1s alapjai &#8211; A Grounded Theory elemz\u00e9si m\u00f3dszer technik\u00e1ja \u00e9s elj\u00e1r\u00e1sai c\u00edm\u0171 k\u00f6nyve (\u00a9 SAGE, 2008). A k\u00f6nyvbemutat\u00f3 kerekasztal-besz\u00e9lget\u00e9s id\u0151pontja:\u00a02015. m\u00e1jus 19. (kedd) d\u00e9lut\u00e1n 5 \u00f3ra. Helysz\u00edn: Semmelweis Szalon (1085 Budapest \u00dcll\u0151i \u00fat 26.). A kerekasztal-besz\u00e9lget\u00e9s &hellip;<\/p>\n","protected":false},"author":101265,"featured_media":571,"comment_status":"closed","ping_status":"closed","sticky":false,"template":"","format":"standard","meta":{"_acf_changed":false,"footnotes":""},"categories":[1],"tags":[],"class_list":["post-285","post","type-post","status-publish","format-standard","has-post-thumbnail","hentry","category-hirek"],"acf":[],"_links":{"self":[{"href":"https:\/\/semmelweis.hu\/mental\/wp-json\/wp\/v2\/posts\/285","targetHints":{"allow":["GET"]}}],"collection":[{"href":"https:\/\/semmelweis.hu\/mental\/wp-json\/wp\/v2\/posts"}],"about":[{"href":"https:\/\/semmelweis.hu\/mental\/wp-json\/wp\/v2\/types\/post"}],"author":[{"embeddable":true,"href":"https:\/\/semmelweis.hu\/mental\/wp-json\/wp\/v2\/users\/101265"}],"replies":[{"embeddable":true,"href":"https:\/\/semmelweis.hu\/mental\/wp-json\/wp\/v2\/comments?post=285"}],"version-history":[{"count":2,"href":"https:\/\/semmelweis.hu\/mental\/wp-json\/wp\/v2\/posts\/285\/revisions"}],"predecessor-version":[{"id":2199,"href":"https:\/\/semmelweis.hu\/mental\/wp-json\/wp\/v2\/posts\/285\/revisions\/2199"}],"wp:featuredmedia":[{"embeddable":true,"href":"https:\/\/semmelweis.hu\/mental\/wp-json\/wp\/v2\/media\/571"}],"wp:attachment":[{"href":"https:\/\/semmelweis.hu\/mental\/wp-json\/wp\/v2\/media?parent=285"}],"wp:term":[{"taxonomy":"category","embeddable":true,"href":"https:\/\/semmelweis.hu\/mental\/wp-json\/wp\/v2\/categories?post=285"},{"taxonomy":"post_tag","embeddable":true,"href":"https:\/\/semmelweis.hu\/mental\/wp-json\/wp\/v2\/tags?post=285"}],"curies":[{"name":"wp","href":"https:\/\/api.w.org\/{rel}","templated":true}]}}