{"id":283,"date":"2018-06-08T00:00:00","date_gmt":"2018-06-07T22:00:00","guid":{"rendered":"http:\/\/semmelweis.hu\/mental\/599-rektori-dicseret-2015\/"},"modified":"2018-06-18T15:06:28","modified_gmt":"2018-06-18T13:06:28","slug":"rektori-dicseret-2015","status":"publish","type":"post","link":"https:\/\/semmelweis.hu\/mental\/2018\/06\/08\/rektori-dicseret-2015\/","title":{"rendered":"REKTORI DICS\u00c9RET"},"content":{"rendered":"<p>2015. j\u00fanius 30-\u00e1n Int\u00e9zet\u00fcnk munkat\u00e1rsa, dr. T\u00f6r\u00f6k G\u00e1bor a Semmelweis napi egyetemi rendezv\u00e9nyen rektori dics\u00e9retben r\u00e9szes\u00fclt.<br \/>\nT\u00f6r\u00f6k G\u00e1bor 2002-t\u0151l, kezdetekt\u0151l fogva megszak\u00edt\u00e1s n\u00e9lk\u00fcl int\u00e9zet\u00fcnk egyik legr\u00e9gebbi k\u00e9pz\u00e9s\u00e9nek \u2013 a ment\u00e1lhigi\u00e9n\u00e9s lelkigondoz\u00f3 szakir\u00e1ny\u00fa tov\u00e1bbk\u00e9pz\u00e9snek \u2013 szakmai szervez\u0151i \u00e9s oktat\u00f3i feladatait l\u00e1tja el, j\u00f3 p\u00e1r \u00e9ve szakcsoportvezet\u0151k\u00e9nt.Jelenleg a Magyar P\u00e1sztor\u00e1lpszichol\u00f3giai T\u00e1rsas\u00e1g eln\u00f6ki feladatait is v\u00e1llalja, aminek keret\u00e9ben (pl. konferenci\u00e1k szervez\u00e9s\u00e9vel) t\u00e1mogat\u00e1st ny\u00fajt v\u00e9gzett hallgat\u00f3inknak.<\/p>\n","protected":false},"excerpt":{"rendered":"<p>2015. j\u00fanius 30-\u00e1n Int\u00e9zet\u00fcnk munkat\u00e1rsa, dr. T\u00f6r\u00f6k G\u00e1bor a Semmelweis napi egyetemi rendezv\u00e9nyen rektori dics\u00e9retben r\u00e9szes\u00fclt. T\u00f6r\u00f6k G\u00e1bor 2002-t\u0151l, kezdetekt\u0151l fogva megszak\u00edt\u00e1s n\u00e9lk\u00fcl int\u00e9zet\u00fcnk egyik legr\u00e9gebbi k\u00e9pz\u00e9s\u00e9nek \u2013 a ment\u00e1lhigi\u00e9n\u00e9s lelkigondoz\u00f3 szakir\u00e1ny\u00fa tov\u00e1bbk\u00e9pz\u00e9snek \u2013 szakmai szervez\u0151i \u00e9s oktat\u00f3i feladatait l\u00e1tja el, j\u00f3 p\u00e1r \u00e9ve szakcsoportvezet\u0151k\u00e9nt.Jelenleg a Magyar P\u00e1sztor\u00e1lpszichol\u00f3giai T\u00e1rsas\u00e1g eln\u00f6ki feladatait is v\u00e1llalja, aminek keret\u00e9ben &hellip;<\/p>\n","protected":false},"author":101265,"featured_media":572,"comment_status":"closed","ping_status":"closed","sticky":false,"template":"","format":"standard","meta":{"_acf_changed":false,"footnotes":""},"categories":[1],"tags":[],"class_list":["post-283","post","type-post","status-publish","format-standard","has-post-thumbnail","hentry","category-hirek"],"acf":[],"_links":{"self":[{"href":"https:\/\/semmelweis.hu\/mental\/wp-json\/wp\/v2\/posts\/283","targetHints":{"allow":["GET"]}}],"collection":[{"href":"https:\/\/semmelweis.hu\/mental\/wp-json\/wp\/v2\/posts"}],"about":[{"href":"https:\/\/semmelweis.hu\/mental\/wp-json\/wp\/v2\/types\/post"}],"author":[{"embeddable":true,"href":"https:\/\/semmelweis.hu\/mental\/wp-json\/wp\/v2\/users\/101265"}],"replies":[{"embeddable":true,"href":"https:\/\/semmelweis.hu\/mental\/wp-json\/wp\/v2\/comments?post=283"}],"version-history":[{"count":2,"href":"https:\/\/semmelweis.hu\/mental\/wp-json\/wp\/v2\/posts\/283\/revisions"}],"predecessor-version":[{"id":2196,"href":"https:\/\/semmelweis.hu\/mental\/wp-json\/wp\/v2\/posts\/283\/revisions\/2196"}],"wp:featuredmedia":[{"embeddable":true,"href":"https:\/\/semmelweis.hu\/mental\/wp-json\/wp\/v2\/media\/572"}],"wp:attachment":[{"href":"https:\/\/semmelweis.hu\/mental\/wp-json\/wp\/v2\/media?parent=283"}],"wp:term":[{"taxonomy":"category","embeddable":true,"href":"https:\/\/semmelweis.hu\/mental\/wp-json\/wp\/v2\/categories?post=283"},{"taxonomy":"post_tag","embeddable":true,"href":"https:\/\/semmelweis.hu\/mental\/wp-json\/wp\/v2\/tags?post=283"}],"curies":[{"name":"wp","href":"https:\/\/api.w.org\/{rel}","templated":true}]}}