{"id":28,"date":"2018-06-08T00:00:00","date_gmt":"2018-06-07T22:00:00","guid":{"rendered":"http:\/\/semmelweis.hu\/mental\/787-online-szocialis-szakmai-tovabbkepzes\/"},"modified":"2018-06-19T13:30:09","modified_gmt":"2018-06-19T11:30:09","slug":"online-szocialis-szakmai-tovabbkepzes","status":"publish","type":"post","link":"https:\/\/semmelweis.hu\/mental\/2018\/06\/08\/online-szocialis-szakmai-tovabbkepzes\/","title":{"rendered":"KREDITPONTOS ONLINE SZOCI\u00c1LIS SZAKMAI TOV\u00c1BBK\u00c9PZ\u0150 TANFOLYAM"},"content":{"rendered":"<p><img loading=\"lazy\" decoding=\"async\" class=\" wp-image-739 alignleft\" src=\"https:\/\/semmelweis.hu\/mental\/files\/2018\/06\/idosugyi-150x84.jpg\" alt=\"\" width=\"294\" height=\"165\" \/>30 kreditpontos szakmai tanfolyamot ind\u00edtunk <a href=\"https:\/\/semmelweis.hu\/mental\/tanfolyamok\/az-innovacio-szerepe-az-idosodesben\/\" target=\"_blank\" rel=\"noopener\"><span style=\"color: #ff0000;\"><strong>Az innov\u00e1ci\u00f3 szerepe az akt\u00edv id\u0151s\u00f6d\u00e9sben \u00e9s a gondoz\u00e1sban<\/strong><\/span><\/a> c\u00edmmel. A 40 \u00f3r\u00e1s tanfolyamhoz csak egy sz\u00e1m\u00edt\u00f3g\u00e9p sz\u00fcks\u00e9ges, b\u00e1rhonnan elv\u00e9gezhet\u0151 egy\u00e9ni id\u0151beoszt\u00e1ssal! A jelentkez\u00e9s \u00e9s a r\u00e9szv\u00e9tel folyamatos.<\/p>\n<p><a href=\"https:\/\/semmelweis.hu\/mental\/tanfolyamok\/az-innovacio-szerepe-az-idosodesben\/\" target=\"_blank\" rel=\"noopener\">Inform\u00e1ci\u00f3 <\/a>\u00e9s jelentkez\u00e9s: Tr\u00f3bert Anett M\u00e1ria <a href=\"mailto:trobert.maria@public.semmelweis-univ.hu\">trobert.maria@public.semmelweis-univ.hu<\/a><\/p>\n","protected":false},"excerpt":{"rendered":"<p>30 kreditpontos szakmai tanfolyamot ind\u00edtunk <a href=\"https:\/\/semmelweis.hu\/mental\/tanfolyamok\/az-innovacio-szerepe-az-idosodesben\/\" target=\"_blank\" rel=\"noopener\">Az innov\u00e1ci\u00f3 szerepe az akt\u00edv id\u0151s\u00f6d\u00e9sben \u00e9s a gondoz\u00e1sban<\/a> c\u00edmmel. A 40 \u00f3r\u00e1s tanfolyamhoz csak egy sz\u00e1m\u00edt\u00f3g\u00e9p sz\u00fcks\u00e9ges, b\u00e1rhonnan elv\u00e9gezhet\u0151 egy\u00e9ni id\u0151beoszt\u00e1ssal! A jelentkez\u00e9s \u00e9s a r\u00e9szv\u00e9tel folyamatos.<br \/>\n<a href=\"https:\/\/semmelweis.hu\/mental\/tanfolyamok\/az-innovacio-szerepe-az-idosodesben\/\" target=\"_blank\" rel=\"noopener\">Inform\u00e1ci\u00f3 <\/a>\u00e9s jelentkez\u00e9s: Tr\u00f3bert Anett M\u00e1ria <a href=\"mailto:trobert.maria@public.semmelweis-univ.hu\">trobert.maria@public.semmelweis-univ.hu<\/a><\/p>\n","protected":false},"author":101265,"featured_media":472,"comment_status":"closed","ping_status":"closed","sticky":false,"template":"","format":"standard","meta":{"_acf_changed":false,"footnotes":""},"categories":[1],"tags":[],"class_list":["post-28","post","type-post","status-publish","format-standard","has-post-thumbnail","hentry","category-hirek"],"acf":[],"_links":{"self":[{"href":"https:\/\/semmelweis.hu\/mental\/wp-json\/wp\/v2\/posts\/28","targetHints":{"allow":["GET"]}}],"collection":[{"href":"https:\/\/semmelweis.hu\/mental\/wp-json\/wp\/v2\/posts"}],"about":[{"href":"https:\/\/semmelweis.hu\/mental\/wp-json\/wp\/v2\/types\/post"}],"author":[{"embeddable":true,"href":"https:\/\/semmelweis.hu\/mental\/wp-json\/wp\/v2\/users\/101265"}],"replies":[{"embeddable":true,"href":"https:\/\/semmelweis.hu\/mental\/wp-json\/wp\/v2\/comments?post=28"}],"version-history":[{"count":9,"href":"https:\/\/semmelweis.hu\/mental\/wp-json\/wp\/v2\/posts\/28\/revisions"}],"predecessor-version":[{"id":1923,"href":"https:\/\/semmelweis.hu\/mental\/wp-json\/wp\/v2\/posts\/28\/revisions\/1923"}],"wp:featuredmedia":[{"embeddable":true,"href":"https:\/\/semmelweis.hu\/mental\/wp-json\/wp\/v2\/media\/472"}],"wp:attachment":[{"href":"https:\/\/semmelweis.hu\/mental\/wp-json\/wp\/v2\/media?parent=28"}],"wp:term":[{"taxonomy":"category","embeddable":true,"href":"https:\/\/semmelweis.hu\/mental\/wp-json\/wp\/v2\/categories?post=28"},{"taxonomy":"post_tag","embeddable":true,"href":"https:\/\/semmelweis.hu\/mental\/wp-json\/wp\/v2\/tags?post=28"}],"curies":[{"name":"wp","href":"https:\/\/api.w.org\/{rel}","templated":true}]}}