{"id":27,"date":"2018-06-08T00:00:00","date_gmt":"2018-06-07T22:00:00","guid":{"rendered":"http:\/\/semmelweis.hu\/mental\/925-szocialis-munka-mesterkepzes-felveteli-pontszamok-2018\/"},"modified":"2018-06-15T13:11:19","modified_gmt":"2018-06-15T11:11:19","slug":"925-szocialis-munka-mesterkepzes-felveteli-pontszamok-2018","status":"publish","type":"post","link":"https:\/\/semmelweis.hu\/mental\/2018\/06\/08\/925-szocialis-munka-mesterkepzes-felveteli-pontszamok-2018\/","title":{"rendered":"SZOCI\u00c1LIS MUNKA MESTERK\u00c9PZ\u00c9S &#8211; FELV\u00c9TELI PONTSZ\u00c1MOK 2018"},"content":{"rendered":"<p><span style=\"color: #ff0000;\"><strong>2018. j\u00fanius 4-5.<\/strong><\/span> k\u00f6z\u00f6tt lezajlottak a szoci\u00e1lis munka mesterk\u00e9pz\u00e9s felv\u00e9teli elbesz\u00e9lget\u00e9sei. A felv\u00e9telin el\u00e9rt pontsz\u00e1mok <a href=\"https:\/\/semmelweis.hu\/mental\/files\/2018\/06\/Pontszamok_szocma2018.pdf\" target=\"_blank\" rel=\"noopener\">itt megtekinthet\u0151k<\/a>. A t\u00e1bl\u00e1zatban csak a besz\u00e9lget\u00e9sen el\u00e9rt pontsz\u00e1mok (max. 95 pont) szerepelnek, a t\u00f6bbletpontok nem.<br \/>\nAz eredm\u00e9nyeket szem\u00e9lyre sz\u00f3l\u00f3 k\u00f3d alapj\u00e1n k\u00f6z\u00f6lt\u00fck (vezet\u00e9kn\u00e9v els\u0151 bet\u0171je, keresztn\u00e9v els\u0151 bet\u0171je, sz\u00fclet\u00e9si d\u00e1tum, pl. Minta J\u00e1nosn\u00e9 Kov\u00e1cs Erzs\u00e9bet 1975. aug. 25. = MJKE750825). A k\u00e9pz\u00e9s felv\u00e9teli ponthat\u00e1rai j\u00falius v\u00e9g\u00e9n, az egys\u00e9ges vonalh\u00faz\u00e1skor lesznek el\u00e9rhet\u0151ek.<\/p>\n","protected":false},"excerpt":{"rendered":"<p>2018. j\u00fanius 4-5. k\u00f6z\u00f6tt lezajlottak a szoci\u00e1lis munka mesterk\u00e9pz\u00e9s felv\u00e9teli elbesz\u00e9lget\u00e9sei. A felv\u00e9telin el\u00e9rt pontsz\u00e1mok <a href=\"https:\/\/semmelweis.hu\/mental\/files\/2018\/06\/Pontszamok_szocma2018.pdf\" target=\"_blank\" rel=\"noopener\">itt megtekinthet\u0151k<\/a> . A t\u00e1bl\u00e1zatban csak a besz\u00e9lget\u00e9sen el\u00e9rt pontsz\u00e1mok (max. 95 pont) szerepelnek, a t\u00f6bbletpontok nem. Az eredm\u00e9nyeket szem\u00e9lyre sz\u00f3l\u00f3 k\u00f3d alapj\u00e1n k\u00f6z\u00f6lt\u00fck (vezet\u00e9kn\u00e9v els\u0151 bet\u0171je, keresztn\u00e9v els\u0151 bet\u0171je, sz\u00fclet\u00e9si d\u00e1tum, pl. Minta J\u00e1nosn\u00e9 Kov\u00e1cs Erzs\u00e9bet 1975. aug. 25. = MJKE750825). &hellip;<\/p>\n","protected":false},"author":101265,"featured_media":537,"comment_status":"closed","ping_status":"closed","sticky":false,"template":"","format":"standard","meta":{"_acf_changed":false,"footnotes":""},"categories":[1],"tags":[],"class_list":["post-27","post","type-post","status-publish","format-standard","has-post-thumbnail","hentry","category-hirek"],"acf":[],"_links":{"self":[{"href":"https:\/\/semmelweis.hu\/mental\/wp-json\/wp\/v2\/posts\/27","targetHints":{"allow":["GET"]}}],"collection":[{"href":"https:\/\/semmelweis.hu\/mental\/wp-json\/wp\/v2\/posts"}],"about":[{"href":"https:\/\/semmelweis.hu\/mental\/wp-json\/wp\/v2\/types\/post"}],"author":[{"embeddable":true,"href":"https:\/\/semmelweis.hu\/mental\/wp-json\/wp\/v2\/users\/101265"}],"replies":[{"embeddable":true,"href":"https:\/\/semmelweis.hu\/mental\/wp-json\/wp\/v2\/comments?post=27"}],"version-history":[{"count":4,"href":"https:\/\/semmelweis.hu\/mental\/wp-json\/wp\/v2\/posts\/27\/revisions"}],"predecessor-version":[{"id":1916,"href":"https:\/\/semmelweis.hu\/mental\/wp-json\/wp\/v2\/posts\/27\/revisions\/1916"}],"wp:featuredmedia":[{"embeddable":true,"href":"https:\/\/semmelweis.hu\/mental\/wp-json\/wp\/v2\/media\/537"}],"wp:attachment":[{"href":"https:\/\/semmelweis.hu\/mental\/wp-json\/wp\/v2\/media?parent=27"}],"wp:term":[{"taxonomy":"category","embeddable":true,"href":"https:\/\/semmelweis.hu\/mental\/wp-json\/wp\/v2\/categories?post=27"},{"taxonomy":"post_tag","embeddable":true,"href":"https:\/\/semmelweis.hu\/mental\/wp-json\/wp\/v2\/tags?post=27"}],"curies":[{"name":"wp","href":"https:\/\/api.w.org\/{rel}","templated":true}]}}