{"id":26,"date":"2018-06-08T00:00:00","date_gmt":"2018-06-07T22:00:00","guid":{"rendered":"http:\/\/semmelweis.hu\/mental\/847-szocialis-vezetokepzes-ekk\/"},"modified":"2018-06-19T13:30:59","modified_gmt":"2018-06-19T11:30:59","slug":"szocialis-vezetokepzes-ekk","status":"publish","type":"post","link":"https:\/\/semmelweis.hu\/mental\/2018\/06\/08\/szocialis-vezetokepzes-ekk\/","title":{"rendered":"SZOCI\u00c1LIS VEZET\u0150K\u00c9PZ\u00c9S"},"content":{"rendered":"<p>A magyarorsz\u00e1gi szoci\u00e1lis, gyermekj\u00f3l\u00e9ti \u00e9s gyermekv\u00e9delmi int\u00e9zm\u00e9nyek vezet\u0151i munkak\u00f6r\u00e9nek ell\u00e1t\u00e1s\u00e1hoz 2018-ig nem volt egys\u00e9ges \u00e9s k\u00f6telez\u0151 vezet\u0151k\u00e9pz\u00e9s, ami biztos\u00edtotta volna a professzion\u00e1lis, tudatos \u00e9s alapos felk\u00e9sz\u00edt\u00e9st, a vezet\u0151i szerephez sz\u00fcks\u00e9ges ismereteket, k\u00e9szs\u00e9geket. A szem\u00e9lyes gondoskod\u00e1st ny\u00fajt\u00f3 szoci\u00e1lis, gyermekj\u00f3l\u00e9ti \u00e9s gyermekv\u00e9delmi tev\u00e9kenys\u00e9get v\u00e9gz\u0151, vezet\u0151i megb\u00edz\u00e1ssal rendelkez\u0151 szem\u00e9lyek k\u00e9pz\u00e9s\u00e9nek rendszere a szoci\u00e1lis \u00e9s a gyermekv\u00e9delmi t\u00f6rv\u00e9ny m\u00f3dosul\u00e1s\u00e1val 2018. janu\u00e1r 1-j\u00e9vel megv\u00e1ltozott.<br \/>\nA 25\/2017. (X. 18.) EMMI rendelet a vezet\u0151i megb\u00edz\u00e1ssal rendelkez\u0151 szoci\u00e1lis szolg\u00e1ltat\u00e1st ny\u00fajt\u00f3 szem\u00e9lyek vezet\u0151k\u00e9pz\u00e9s\u00e9r\u0151l a Semmelweis Egyetemet jel\u00f6li ki a hat\u00f3s\u00e1gi jelleg\u0171 szoci\u00e1lis vezet\u0151k\u00e9pz\u00e9s lebonyol\u00edt\u00e1s\u00e1ra. Az Egyetemen bel\u00fcl a feladatot az Eg\u00e9szs\u00e9g\u00fcgyi K\u00f6zszolg\u00e1lati Kar l\u00e1tja el.<br \/>\n<strong>Ezzel kapcsolatos tov\u00e1bbi inform\u00e1ci\u00f3k:\u00a0<\/strong><a href=\"http:\/\/emk.semmelweis.hu\/szocialis_vezetokepzes\" target=\"_blank\" rel=\"noopener\">http:\/\/emk.semmelweis.hu\/szocialis_vezetokepzes\/<\/a><strong>\u00a0<\/strong><\/p>\n","protected":false},"excerpt":{"rendered":"<p>A magyarorsz\u00e1gi szoci\u00e1lis, gyermekj\u00f3l\u00e9ti \u00e9s gyermekv\u00e9delmi int\u00e9zm\u00e9nyek vezet\u0151i munkak\u00f6r\u00e9nek ell\u00e1t\u00e1s\u00e1hoz 2018-ig nem volt egys\u00e9ges \u00e9s k\u00f6telez\u0151 vezet\u0151k\u00e9pz\u00e9s, ami biztos\u00edtotta volna a professzion\u00e1lis, tudatos \u00e9s alapos felk\u00e9sz\u00edt\u00e9st, a vezet\u0151i szerephez sz\u00fcks\u00e9ges ismereteket, k\u00e9szs\u00e9geket. A szem\u00e9lyes gondoskod\u00e1st ny\u00fajt\u00f3 szoci\u00e1lis, gyermekj\u00f3l\u00e9ti \u00e9s gyermekv\u00e9delmi tev\u00e9kenys\u00e9get v\u00e9gz\u0151, vezet\u0151i megb\u00edz\u00e1ssal rendelkez\u0151 szem\u00e9lyek k\u00e9pz\u00e9s\u00e9nek rendszere a szoci\u00e1lis \u00e9s a gyermekv\u00e9delmi t\u00f6rv\u00e9ny m\u00f3dosul\u00e1s\u00e1val &hellip;<\/p>\n","protected":false},"author":101265,"featured_media":445,"comment_status":"closed","ping_status":"closed","sticky":false,"template":"","format":"standard","meta":{"_acf_changed":false,"footnotes":""},"categories":[1],"tags":[],"class_list":["post-26","post","type-post","status-publish","format-standard","has-post-thumbnail","hentry","category-hirek"],"acf":[],"_links":{"self":[{"href":"https:\/\/semmelweis.hu\/mental\/wp-json\/wp\/v2\/posts\/26","targetHints":{"allow":["GET"]}}],"collection":[{"href":"https:\/\/semmelweis.hu\/mental\/wp-json\/wp\/v2\/posts"}],"about":[{"href":"https:\/\/semmelweis.hu\/mental\/wp-json\/wp\/v2\/types\/post"}],"author":[{"embeddable":true,"href":"https:\/\/semmelweis.hu\/mental\/wp-json\/wp\/v2\/users\/101265"}],"replies":[{"embeddable":true,"href":"https:\/\/semmelweis.hu\/mental\/wp-json\/wp\/v2\/comments?post=26"}],"version-history":[{"count":3,"href":"https:\/\/semmelweis.hu\/mental\/wp-json\/wp\/v2\/posts\/26\/revisions"}],"predecessor-version":[{"id":1929,"href":"https:\/\/semmelweis.hu\/mental\/wp-json\/wp\/v2\/posts\/26\/revisions\/1929"}],"wp:featuredmedia":[{"embeddable":true,"href":"https:\/\/semmelweis.hu\/mental\/wp-json\/wp\/v2\/media\/445"}],"wp:attachment":[{"href":"https:\/\/semmelweis.hu\/mental\/wp-json\/wp\/v2\/media?parent=26"}],"wp:term":[{"taxonomy":"category","embeddable":true,"href":"https:\/\/semmelweis.hu\/mental\/wp-json\/wp\/v2\/categories?post=26"},{"taxonomy":"post_tag","embeddable":true,"href":"https:\/\/semmelweis.hu\/mental\/wp-json\/wp\/v2\/tags?post=26"}],"curies":[{"name":"wp","href":"https:\/\/api.w.org\/{rel}","templated":true}]}}