{"id":253,"date":"2018-06-08T00:00:00","date_gmt":"2018-06-07T22:00:00","guid":{"rendered":"http:\/\/semmelweis.hu\/mental\/701-tanulmanyi-ugyintezot-keresunk\/"},"modified":"2018-06-18T12:59:58","modified_gmt":"2018-06-18T10:59:58","slug":"tanulmanyi-ugyintezot-keresunk","status":"publish","type":"post","link":"https:\/\/semmelweis.hu\/mental\/2018\/06\/08\/tanulmanyi-ugyintezot-keresunk\/","title":{"rendered":"TANULM\u00c1NYI \u00dcGYINT\u00c9Z\u0150T KERES\u00dcNK"},"content":{"rendered":"<p>Tanulm\u00e1nyi \u00fcgyint\u00e9z\u0151t keres\u00fcnk.<\/p>\n<p>R\u00e9szletek:\u00a0https:\/\/kozigallas.gov.hu\/pages\/jobviewer.aspx?ID=rang4rdyh4<\/p>\n<p>A k\u00f6zalkalmazotti jogviszony id\u0151tartama:<br \/>\nhat\u00e1rozatlan idej\u0171 k\u00f6zalkalmazotti jogviszony<\/p>\n<p>Foglalkoztat\u00e1s jellege:<br \/>\nTeljes munkaid\u0151<br \/>\nA munkav\u00e9gz\u00e9s helye:<br \/>\nBudapest, 1089 , Nagyv\u00e1rad t\u00e9r 4.<br \/>\nA munkak\u00f6rbe tartoz\u00f3, illetve a vezet\u0151i megb\u00edz\u00e1ssal j\u00e1r\u00f3 l\u00e9nyeges feladatok:<\/p>\n<p>Int\u00e9zi az Int\u00e9zettel jogviszonyban \u00e1ll\u00f3 hallgat\u00f3k szem\u00e9lyi, tanulm\u00e1nyi \u00e9s nyilv\u00e1ntart\u00e1si \u00fcgyeit , folyamatosan v\u00e9gzi a hallgat\u00f3kkal kapcsolatos adminisztrat\u00edv feladatokat, karbantartja a hallgat\u00f3i t\u00f6rzsadatokat.<br \/>\nIlletm\u00e9ny \u00e9s juttat\u00e1sok:<br \/>\nAz illetm\u00e9ny meg\u00e1llap\u00edt\u00e1s\u00e1ra \u00e9s a juttat\u00e1sokra a &#8222;K\u00f6zalkalmazottak jog\u00e1ll\u00e1s\u00e1r\u00f3l sz\u00f3l\u00f3&#8221; 1992. \u00e9vi XXXIII. t\u00f6rv\u00e9ny rendelkez\u00e9sei az ir\u00e1nyad\u00f3k.<\/p>\n<p>P\u00e1ly\u00e1zati felt\u00e9telek:<\/p>\n<p>\u00a7 K\u00f6z\u00e9piskola\/gimn\u00e1zium, K\u00f6z\u00e9pfok\u00fa v\u00e9gzetts\u00e9g,<br \/>\n\u00a7 B\u00fcntetlen el\u0151\u00e9let \u00e9s cselekv\u0151k\u00e9pess\u00e9g<br \/>\n\u00a7 MS Office felhaszn\u00e1l\u00f3i szint\u0171 ismerete<br \/>\nA p\u00e1ly\u00e1zat elb\u00edr\u00e1l\u00e1s\u00e1n\u00e1l el\u0151nyt jelent:<br \/>\n\u00a7 Fels\u0151fok\u00fa v\u00e9gzetts\u00e9g<br \/>\n\u00a7 Fels\u0151oktat\u00e1sban, hasonl\u00f3 ter\u00fcleten szerzett munkatapasztalat<br \/>\n\u00a7 Neptun rendszer ismerete<br \/>\n\u00a7 K\u00f6z\u00e9pfok\u00fa idegennyelvtud\u00e1s<br \/>\nElv\u00e1rt kompetenci\u00e1k:<\/p>\n<p>\u00a7 Pontoss\u00e1g, megb\u00edzhat\u00f3s\u00e1g,<br \/>\n\u00a7 J\u00f3 kommunik\u00e1ci\u00f3s \u00e9s kapcsolatteremt\u0151 k\u00e9pess\u00e9g,<br \/>\nA p\u00e1ly\u00e1zat r\u00e9szek\u00e9nt beny\u00fajtand\u00f3 iratok, igazol\u00e1sok:<\/p>\n<p>\u00a7 \u00d6n\u00e9letrajz<br \/>\n\u00a7 V\u00e9gzetts\u00e9get \u00e9s\/vagy k\u00e9pzetts\u00e9get, nyelvtud\u00e1st igazol\u00f3 okiratok<br \/>\n\u00a7 Nyilatkozat a p\u00e1ly\u00e1z\u00f3 hozz\u00e1j\u00e1rul\u00e1s\u00e1r\u00f3l, hogy a p\u00e1ly\u00e1zatban szerepl\u0151 adatokat a jogszab\u00e1lyokban \u00e9s Szervezeti \u00e9s M\u0171k\u00f6d\u00e9si Szab\u00e1lyzatban felhatalmazott szem\u00e9lyek, test\u00fcletek megismerhess\u00e9k<br \/>\n\u00a7 Tov\u00e1bb\u00e1 minden olyan irat, amelyet a p\u00e1ly\u00e1z\u00f3 a p\u00e1ly\u00e1zat szempontj\u00e1b\u00f3l fontosnak tart<br \/>\nA munkak\u00f6r bet\u00f6lthet\u0151s\u00e9g\u00e9nek id\u0151pontja:<br \/>\nA munkak\u00f6r legkor\u00e1bban a p\u00e1ly\u00e1zatok elb\u00edr\u00e1l\u00e1s\u00e1t k\u00f6vet\u0151en azonnal bet\u00f6lthet\u0151.<br \/>\nA p\u00e1ly\u00e1zat beny\u00fajt\u00e1s\u00e1nak hat\u00e1rideje: 2016. m\u00e1rcius 9.<br \/>\nA p\u00e1ly\u00e1zatok beny\u00fajt\u00e1s\u00e1nak m\u00f3dja:<br \/>\n\u00a7 Elektronikus \u00faton \u00dcgyint\u00e9z\u0151 r\u00e9sz\u00e9re a <a href=\"mailto:palyazat.human@semmelweis-univ.hu\">palyazat.human@semmelweis-univ.hu<\/a> E-mail c\u00edmen kereszt\u00fcl<br \/>\nA p\u00e1ly\u00e1zat elb\u00edr\u00e1l\u00e1s\u00e1nak hat\u00e1rideje: 2016. m\u00e1rcius 13.<br \/>\nA p\u00e1ly\u00e1zati ki\u00edr\u00e1s tov\u00e1bbi k\u00f6zz\u00e9t\u00e9tel\u00e9nek helye, ideje:<br \/>\n\u00a7 https:\/\/semmelweis.hu\/human\/category\/karrier\/ &#8211; 2016. febru\u00e1r 23.<br \/>\nA munk\u00e1ltat\u00f3val kapcsolatos egy\u00e9b l\u00e9nyeges inform\u00e1ci\u00f3:<br \/>\nA Semmelweis Egyetem valamennyi szervezeti egys\u00e9g\u00e9ben a pr\u00f3baid\u0151 m\u00e9rt\u00e9ke 4 h\u00f3nap. K\u00e9rj\u00fck, p\u00e1ly\u00e1zat\u00e1ban t\u00fcntesse fel a hivatkoz\u00e1si sz\u00e1mot. Hivatkoz\u00e1si sz\u00e1m: 11735\/EKKMHI\/2016<br \/>\nA munk\u00e1ltat\u00f3val kapcsolatban tov\u00e1bbi inform\u00e1ci\u00f3t a https:\/\/semmelweis.hu honlapon szerezhet.<br \/>\nA K\u00d6ZIG\u00c1LL\u00c1S publik\u00e1l\u00e1si id\u0151pontja: 2016. febru\u00e1r 23.<\/p>\n<p>A p\u00e1ly\u00e1zati ki\u00edr\u00e1s k\u00f6zz\u00e9tev\u0151je a K\u00f6zszolg\u00e1lati Szem\u00e9lyzetfejleszt\u00e9si F\u0151igazgat\u00f3s\u00e1g (KSZF). A p\u00e1ly\u00e1zati ki\u00edr\u00e1s a munk\u00e1ltat\u00f3 \u00e1ltal a KSZF r\u00e9sz\u00e9re megk\u00fcld\u00f6tt adatokat tartalmazza, \u00edgy annak tartalm\u00e1\u00e9rt a p\u00e1ly\u00e1zatot ki\u00edr\u00f3 szerv felel.<\/p>\n","protected":false},"excerpt":{"rendered":"<p>Tanulm\u00e1nyi \u00fcgyint\u00e9z\u0151t keres\u00fcnk. R\u00e9szletek:\u00a0https:\/\/kozigallas.gov.hu\/pages\/jobviewer.aspx?ID=rang4rdyh4 A k\u00f6zalkalmazotti jogviszony id\u0151tartama: hat\u00e1rozatlan idej\u0171 k\u00f6zalkalmazotti jogviszony Foglalkoztat\u00e1s jellege: Teljes munkaid\u0151 A munkav\u00e9gz\u00e9s helye: Budapest, 1089 , Nagyv\u00e1rad t\u00e9r 4. A munkak\u00f6rbe tartoz\u00f3, illetve a vezet\u0151i megb\u00edz\u00e1ssal j\u00e1r\u00f3 l\u00e9nyeges feladatok: Int\u00e9zi az Int\u00e9zettel jogviszonyban \u00e1ll\u00f3 hallgat\u00f3k szem\u00e9lyi, tanulm\u00e1nyi \u00e9s nyilv\u00e1ntart\u00e1si \u00fcgyeit , folyamatosan v\u00e9gzi a hallgat\u00f3kkal kapcsolatos adminisztrat\u00edv feladatokat, karbantartja &hellip;<\/p>\n","protected":false},"author":101265,"featured_media":545,"comment_status":"closed","ping_status":"closed","sticky":false,"template":"","format":"standard","meta":{"_acf_changed":false,"footnotes":""},"categories":[1],"tags":[],"class_list":["post-253","post","type-post","status-publish","format-standard","has-post-thumbnail","hentry","category-hirek"],"acf":[],"_links":{"self":[{"href":"https:\/\/semmelweis.hu\/mental\/wp-json\/wp\/v2\/posts\/253","targetHints":{"allow":["GET"]}}],"collection":[{"href":"https:\/\/semmelweis.hu\/mental\/wp-json\/wp\/v2\/posts"}],"about":[{"href":"https:\/\/semmelweis.hu\/mental\/wp-json\/wp\/v2\/types\/post"}],"author":[{"embeddable":true,"href":"https:\/\/semmelweis.hu\/mental\/wp-json\/wp\/v2\/users\/101265"}],"replies":[{"embeddable":true,"href":"https:\/\/semmelweis.hu\/mental\/wp-json\/wp\/v2\/comments?post=253"}],"version-history":[{"count":3,"href":"https:\/\/semmelweis.hu\/mental\/wp-json\/wp\/v2\/posts\/253\/revisions"}],"predecessor-version":[{"id":2123,"href":"https:\/\/semmelweis.hu\/mental\/wp-json\/wp\/v2\/posts\/253\/revisions\/2123"}],"wp:featuredmedia":[{"embeddable":true,"href":"https:\/\/semmelweis.hu\/mental\/wp-json\/wp\/v2\/media\/545"}],"wp:attachment":[{"href":"https:\/\/semmelweis.hu\/mental\/wp-json\/wp\/v2\/media?parent=253"}],"wp:term":[{"taxonomy":"category","embeddable":true,"href":"https:\/\/semmelweis.hu\/mental\/wp-json\/wp\/v2\/categories?post=253"},{"taxonomy":"post_tag","embeddable":true,"href":"https:\/\/semmelweis.hu\/mental\/wp-json\/wp\/v2\/tags?post=253"}],"curies":[{"name":"wp","href":"https:\/\/api.w.org\/{rel}","templated":true}]}}