{"id":252,"date":"2018-06-08T00:00:00","date_gmt":"2018-06-07T22:00:00","guid":{"rendered":"http:\/\/semmelweis.hu\/mental\/682-kiadvany-visszahivasa\/"},"modified":"2018-06-18T12:57:36","modified_gmt":"2018-06-18T10:57:36","slug":"kiadvany-visszahivasa","status":"publish","type":"post","link":"https:\/\/semmelweis.hu\/mental\/2018\/06\/08\/kiadvany-visszahivasa\/","title":{"rendered":"KIADV\u00c1NY VISSZAH\u00cdV\u00c1SA"},"content":{"rendered":"<p>A &#8222;Csal\u00e1di \u00e9s k\u00f6z\u00f6ss\u00e9gi konfliktusok&#8221; c. tanulm\u00e1nyk\u00f6tet egyik tanulm\u00e1ny\u00e1t a szerz\u0151 k\u00e9r\u00e9s\u00e9re helyreigaz\u00edt\u00e1s ut\u00e1n \u00fajranyomtatjuk.<br \/>\nK\u00e9rj\u00fck, hogy a birtok\u00e1ban l\u00e9v\u0151 p\u00e9ld\u00e1nyt lehet\u0151leg <strong><span style=\"color: #ff0000;\">2016. janu\u00e1r 31-ig<\/span><\/strong> k\u00fcldje vissza az al\u00e1bbi c\u00edmre:<\/p>\n<p>Semmelweis Egyetem EKK Ment\u00e1lhigi\u00e9n\u00e9 Int\u00e9zet, 1428 Budapest, Pf. 2.<\/p>\n<p>vagy szem\u00e9lyesen: 1089 Nagyv\u00e1rad t\u00e9r 4. XIX. em. 1904-es szoba<\/p>\n<p>\u00e9s adjon meg egy postac\u00edmet, ahov\u00e1 a jav\u00edtott k\u00f6tetet k\u00fcldhetj\u00fck.<\/p>\n<p>A m\u00f3dos\u00edtott k\u00f6tetb\u0151l a hat\u00e1rid\u0151 lej\u00e1rta ut\u00e1n is cserep\u00e9ld\u00e1nyt biztos\u00edtunk.<\/p>\n","protected":false},"excerpt":{"rendered":"<p>A &#8222;Csal\u00e1di \u00e9s k\u00f6z\u00f6ss\u00e9gi konfliktusok&#8221; c. tanulm\u00e1nyk\u00f6tet egyik tanulm\u00e1ny\u00e1t a szerz\u0151 k\u00e9r\u00e9s\u00e9re helyreigaz\u00edt\u00e1s ut\u00e1n \u00fajranyomtatjuk. K\u00e9rj\u00fck, hogy a birtok\u00e1ban l\u00e9v\u0151 p\u00e9ld\u00e1nyt lehet\u0151leg 2016. janu\u00e1r 31-ig k\u00fcldje vissza az al\u00e1bbi c\u00edmre: Semmelweis Egyetem EKK Ment\u00e1lhigi\u00e9n\u00e9 Int\u00e9zet, 1428 Budapest, Pf. 2. vagy szem\u00e9lyesen: 1089 Nagyv\u00e1rad t\u00e9r 4. XIX. em. 1904-es szoba \u00e9s adjon meg egy postac\u00edmet, ahov\u00e1 &hellip;<\/p>\n","protected":false},"author":101265,"featured_media":609,"comment_status":"closed","ping_status":"closed","sticky":false,"template":"","format":"standard","meta":{"_acf_changed":false,"footnotes":""},"categories":[1],"tags":[],"class_list":["post-252","post","type-post","status-publish","format-standard","has-post-thumbnail","hentry","category-hirek"],"acf":[],"_links":{"self":[{"href":"https:\/\/semmelweis.hu\/mental\/wp-json\/wp\/v2\/posts\/252","targetHints":{"allow":["GET"]}}],"collection":[{"href":"https:\/\/semmelweis.hu\/mental\/wp-json\/wp\/v2\/posts"}],"about":[{"href":"https:\/\/semmelweis.hu\/mental\/wp-json\/wp\/v2\/types\/post"}],"author":[{"embeddable":true,"href":"https:\/\/semmelweis.hu\/mental\/wp-json\/wp\/v2\/users\/101265"}],"replies":[{"embeddable":true,"href":"https:\/\/semmelweis.hu\/mental\/wp-json\/wp\/v2\/comments?post=252"}],"version-history":[{"count":2,"href":"https:\/\/semmelweis.hu\/mental\/wp-json\/wp\/v2\/posts\/252\/revisions"}],"predecessor-version":[{"id":2121,"href":"https:\/\/semmelweis.hu\/mental\/wp-json\/wp\/v2\/posts\/252\/revisions\/2121"}],"wp:featuredmedia":[{"embeddable":true,"href":"https:\/\/semmelweis.hu\/mental\/wp-json\/wp\/v2\/media\/609"}],"wp:attachment":[{"href":"https:\/\/semmelweis.hu\/mental\/wp-json\/wp\/v2\/media?parent=252"}],"wp:term":[{"taxonomy":"category","embeddable":true,"href":"https:\/\/semmelweis.hu\/mental\/wp-json\/wp\/v2\/categories?post=252"},{"taxonomy":"post_tag","embeddable":true,"href":"https:\/\/semmelweis.hu\/mental\/wp-json\/wp\/v2\/tags?post=252"}],"curies":[{"name":"wp","href":"https:\/\/api.w.org\/{rel}","templated":true}]}}