{"id":251,"date":"2018-06-08T00:00:00","date_gmt":"2018-06-07T22:00:00","guid":{"rendered":"http:\/\/semmelweis.hu\/mental\/683-icsszk-konferencia\/"},"modified":"2018-06-18T12:55:40","modified_gmt":"2018-06-18T10:55:40","slug":"icsszk-konferencia","status":"publish","type":"post","link":"https:\/\/semmelweis.hu\/mental\/2018\/06\/08\/icsszk-konferencia\/","title":{"rendered":"ISZCSK-KONFERENCIA"},"content":{"rendered":"<p>Megh\u00edv\u00f3 az EG\u00c9SZS\u00c9G \u00c9S BETEGS\u00c9G A KAPCSOLATOK T\u00dcKR\u00c9BEN &#8211; TAPASZTALATOK AZ \u201eINTEGR\u00c1LT SZ\u00dcL\u0150-CSECSEM\u0150 KONZULT\u00c1CI\u00d3 (H\u00c9DERV\u00c1RI-HELLER \u00c9S N\u00c9METH)\u201d GYAKORLAT\u00c1R\u00d3L c\u00edm\u0171 konferenci\u00e1ra<br \/>\nId\u0151pont: 2016. m\u00e1rcius 17., 8.30-16.00 \u00f3r\u00e1ig<\/p>\n<p><a href=\"https:\/\/semmelweis.hu\/mental\/files\/2018\/06\/ISZCSK-konferencia-h\u00edvogat\u00f3_jelentkez\u00e9si-lappal_2016.pdf\" target=\"_blank\" rel=\"noopener\">Jelentkez\u00e9si lap<\/a>\u00a0let\u00f6lthet\u0151\u00a0pdf-ben vagy\u00a0<a href=\"https:\/\/semmelweis.hu\/mental\/files\/2018\/06\/ISZCSK-konferencia_jelentkez\u00e9si-lap_2016.docx\" target=\"_blank\" rel=\"noopener\">Word-f\u00e1jlk\u00e9nt <\/a>is.<\/p>\n<p>Szervez\u0151k:<br \/>\nSemmelweis Egyetem EKK Ment\u00e1lhigi\u00e9n\u00e9 Int\u00e9zet<br \/>\nHeim P\u00e1l Gyermekk\u00f3rh\u00e1z<br \/>\nELTE B\u00e1rczi Guszt\u00e1v Gy\u00f3gypedag\u00f3giai Kar<br \/>\nNemzeti Eg\u00e9szs\u00e9gfejleszt\u00e9si Int\u00e9zet<\/p>\n<p>V\u00e9dn\u00f6k:<br \/>\nProf. Dr. Pethesn\u00e9 D\u00e1vid Be\u00e1ta<br \/>\nSE Ment\u00e1lhigi\u00e9n\u00e9 Int\u00e9zet igazgat\u00f3ja<\/p>\n<p>Helysz\u00edn: \u00d3budai Kultur\u00e1lis K\u00f6zpont<br \/>\nKasz\u00e1sd\u0171l\u0151i Kultur\u00e1lis K\u00f6zpont<br \/>\n1033 Budapest, Pethe Ferenc t\u00e9r 2.<\/p>\n<p>A konferencia t\u00e9m\u00e1ja:<br \/>\nMegh\u00edvott el\u0151ad\u00f3ink mellett az \u201eIntegr\u00e1lt sz\u00fcl\u0151-csecsem\u0151 konzult\u00e1ci\u00f3\u201d szakir\u00e1ny\u00fa tov\u00e1bbk\u00e9pz\u00e9sben oktat\u00f3, valamint a k\u00e9pz\u00e9sben m\u00e1r v\u00e9gzett szakemberek sz\u00e1molnak be sz\u00fcl\u0151kkel \u00e9s gyermekekkel v\u00e9gzett tev\u00e9kenys\u00e9g\u00fckr\u0151l. Az el\u0151ad\u00e1sok betekint\u00e9st ny\u00fajtanak az eg\u00e9szs\u00e9g\u00fcgyi \u00e9s pszichoszoci\u00e1lis ter\u00fcleteken dolgoz\u00f3 szakemberek (orvosok, v\u00e9d\u0151n\u0151k, pszichol\u00f3gusok, pszichoterapeut\u00e1k, pedag\u00f3gusok, gy\u00f3gypedag\u00f3gusok, gy\u00f3gytorn\u00e1szok, konduktorok, szoci\u00e1lis munk\u00e1sok, stb.) sz\u00e1m\u00e1ra a k\u00fclf\u00f6ld\u00f6n m\u00e1r sz\u00e9les k\u00f6rben elterjedt m\u00f3dszer alkalmaz\u00e1s\u00e1r\u00f3l \u00e9s a hazai ell\u00e1t\u00f3rendszerbe val\u00f3 beilleszt\u00e9s\u00e9nek lehet\u0151s\u00e9geir\u0151l.<\/p>\n<p>Program<br \/>\n2016. m\u00e1rcius 17. cs\u00fct\u00f6rt\u00f6k 8.30-16.00<\/p>\n<p>8.30-9.00 Regisztr\u00e1ci\u00f3<\/p>\n<p>9.00-9.10 V\u00e9dn\u00f6ki megnyit\u00f3<br \/>\nProf. Dr. Pethesn\u00e9 D\u00e1vid Be\u00e1ta<br \/>\nSE EKK Ment\u00e1lhigi\u00e9n\u00e9 Int\u00e9zet igazgat\u00f3ja<\/p>\n<p>9.10-9.40 A Rendszerv\u00e1lt\u00e1s csal\u00e1dt\u00f6rt\u00e9netei.<br \/>\nA hamarosan megjelen\u0151 &#8222;Lila k\u00f6nyv&#8221; beharangoz\u00f3ja.<br \/>\nProf. Dr. Pethesn\u00e9 D\u00e1vid Be\u00e1ta PhD. habil., szociol\u00f3gus<br \/>\nSE EKK Ment\u00e1lhigi\u00e9n\u00e9 Int\u00e9zet igazgat\u00f3ja<\/p>\n<p>9.40-10.10 Az integr\u00e1lt sz\u00fcl\u0151-csecsem\u0151 konzult\u00e1ci\u00f3 kezdete, jelene \u00e9s j\u00f6v\u0151je Magyarorsz\u00e1gon<br \/>\nDr. N\u00e9meth T\u00fcnde, csecsem\u0151- \u00e9s gyermekgy\u00f3gy\u00e1sz, pszichoterapeuta<br \/>\nNemzeti Eg\u00e9szs\u00e9gfejleszt\u00e9si Int\u00e9zet<\/p>\n<p>10.10-10.30 Sz\u00fcnet<\/p>\n<p>10.30-11.30 Regul\u00e1ci\u00f3s zavarok csecsem\u0151- \u00e9s kisgyermekkorban \u2013 a konzulens szerepe<br \/>\nProf. Dr. H\u00e9derv\u00e1ri Heller \u00c9va, gyermek- \u00e9s ifj\u00fas\u00e1gi analitikus<br \/>\nInternational Psychoanalytic University Berlin (IPU)<\/p>\n<p>11.30-12.00 Lehet nekem is csal\u00e1dom?<br \/>\nHorv\u00e1th P\u00e9ter L\u00e1szl\u00f3, gy\u00f3gypedag\u00f3gus-szaktan\u00e1r<br \/>\nS\u00e1ndor Anik\u00f3, gy\u00f3gypedag\u00f3gus-tan\u00e1rseg\u00e9d<br \/>\nELTE BGGYK Fogyat\u00e9koss\u00e1g \u00e9s T\u00e1rsadalmi R\u00e9szv\u00e9tel Int\u00e9zet<\/p>\n<p>12.00-12.15 Interakt\u00edv percek<\/p>\n<p>12.15-13.15 Eb\u00e9dsz\u00fcnet; inform\u00e1ci\u00f3s asztal, felv\u00e9teli t\u00e1j\u00e9koztat\u00f3<\/p>\n<p>13.15-14.30 Az integr\u00e1lt sz\u00fcl\u0151-csecsem\u0151 konzult\u00e1ci\u00f3 tov\u00e1bbgondol\u00e1sa a k\u00f3rh\u00e1zi mindennapokban &#8211; A Heim P\u00e1l K\u00f3rh\u00e1z Belgy\u00f3gy\u00e1szati Oszt\u00e1ly\u00e1n m\u0171k\u00f6d\u0151 munkacsoport bemutatkoz\u00e1sa<\/p>\n<p>Pszichoszomatikus t\u00fcnetek csecsem\u0151- \u00e9s kisgyermekkorban<br \/>\nDr. Scheuring No\u00e9mi, csecsem\u0151-gyermekgy\u00f3gy\u00e1sz, neonatol\u00f3gus szakorvos, integr\u00e1lt sz\u00fcl\u0151-csecsem\u0151\/kisgyermek konzulens<\/p>\n<p>\u00c9rz\u00e9sek \u00e9s gondolatok egy k\u00f3rh\u00e1zi eset kapcs\u00e1n<br \/>\nDr. Martonosi \u00c1gnes, gyermekgy\u00f3gy\u00e1sz rezidens<br \/>\nDr. N\u00e9meth \u00c9va, gyermekgy\u00f3gy\u00e1sz szakorvos jel\u00f6lt<\/p>\n<p>A csecsem\u0151- \u00e9s kisgyermekkori observ\u00e1ci\u00f3 szerepe gyermekorvosi gyakorlatunkban<br \/>\nDr. Gul\u00e1csi \u00c1gnes, gyermekgy\u00f3gy\u00e1sz szakorvos jel\u00f6lt<\/p>\n<p>&#8222;A kapcsolatban bontakoz\u00f3 l\u00e9lek&#8221; (Winnicott) &#8211; Kapcsolati szeml\u00e9let a gyermekgy\u00f3gy\u00e1szati munka sor\u00e1n<br \/>\nDr. T\u00f3th Fanni, gyermekgy\u00f3gy\u00e1sz szakorvos jel\u00f6lt<\/p>\n<p>A sz\u00fcl\u0151-csecsem\u0151 konzult\u00e1ci\u00f3 alkalmaz\u00e1sa gyermekorvosi gyakorlatunkban \u00e9s az Eg\u00e9szs\u00e9ges Ut\u00f3dok\u00e9rt kutat\u00e1s bemutat\u00e1sa<br \/>\nDr. Scheuring No\u00e9mi, csecsem\u0151-gyermekgy\u00f3gy\u00e1sz, neonatol\u00f3gus szakorvos, integr\u00e1lt sz\u00fcl\u0151-csecsem\u0151\/kisgyermek konzulens<\/p>\n<p>14.30-15.15 Bemutatkozik az Integr\u00e1lt Sz\u00fcl\u0151-Csecsem\u0151\/kisgyermek Konzulensek (ISzCsK) magyarorsz\u00e1gi szakmai csoportj\u00e1nak n\u00e9h\u00e1ny tagja<\/p>\n<p>Ugyanaz \u00e9s m\u00e9gis m\u00e1s, avagy k\u00e9t t\u00e1pl\u00e1l\u00e1si zavar t\u00f6rt\u00e9nete \u00e9s tanuls\u00e1gai<br \/>\nDr. Aschenbrenner Zsuzsa, csecsem\u0151- \u00e9s gyermekgy\u00f3gy\u00e1sz szakorvos, integr\u00e1lt sz\u00fcl\u0151-csecsem\u0151\/kisgyermek konzulens<br \/>\nVir\u00e1g Eg\u00e9szs\u00e9gk\u00f6zpont, Sz\u00e9kesfeh\u00e9rv\u00e1r<br \/>\nZs\u00e1lya Patika rendel\u0151je, M\u00f3r<\/p>\n<p>A kapcsolat ereje&#8230;Vari\u00e1ci\u00f3k a v\u00e1ltoz\u00e1sra, konzult\u00e1ci\u00f3s keretek k\u00f6z\u00f6tt<br \/>\nBroviacn\u00e9 Stallenberger Anita, v\u00e9d\u0151n\u0151, integr\u00e1lt sz\u00fcl\u0151-csecsem\u0151\/kisgyermek konzulens<br \/>\nSzeksz\u00e1rd MJV \u00d6nkorm\u00e1nyzata Eg\u00e9szs\u00e9g\u00fcgyi Gondnoks\u00e1ga V\u00e9d\u0151n\u0151i Szolg\u00e1lat<\/p>\n<p>Dilemm\u00e1k a sz\u00fcl\u0151kkel val\u00f3 egy\u00fcttm\u0171k\u00f6d\u00e9sben<br \/>\nDaritsn\u00e9 Rajz\u00f3 \u00c9va, konduktor &#8211; korai fejleszt\u0151, integr\u00e1lt sz\u00fcl\u0151-csecsem\u0151\/kisgyermek konzulens<br \/>\nPMPSZ Szentendrei Tagint\u00e9zm\u00e9ny Pom\u00e1z telephely<br \/>\nFelz\u00e1rk\u00f3zunk Alap\u00edtv\u00e1ny<\/p>\n<p>15.15-15.30 Interakt\u00edv percek<\/p>\n<p>15.30-16.00 Z\u00e1r\u00e1s \u2013 inform\u00e1ci\u00f3s asztal, felv\u00e9teli jelentkez\u00e9s<\/p>\n<p>Regisztr\u00e1ci\u00f3 d\u00edja:<br \/>\n2000 Ft\/f\u0151, amely mag\u00e1ban foglalja a k\u00e1v\u00e9- \u00e9s eb\u00e9dsz\u00fcnetekben \u00e1sv\u00e1nyv\u00edz, tea, apr\u00f3s\u00fctem\u00e9ny \u00e9s szendvics fogyaszt\u00e1s\u00e1t. Helysz\u00ednen fizetend\u0151!<\/p>\n<p>Jelentkez\u00e9s:<br \/>\nA mell\u00e9kelt jelentkez\u00e9si lapon a <a href=\"mailto:iszcskkonf@gmail.com\">iszcskkonf@gmail.com<\/a> e-mail c\u00edmen.<\/p>\n<p>A konferenci\u00e1ra minden \u00e9rdekl\u0151d\u0151t szeretettel v\u00e1runk!<\/p>\n","protected":false},"excerpt":{"rendered":"<p>Megh\u00edv\u00f3 az EG\u00c9SZS\u00c9G \u00c9S BETEGS\u00c9G A KAPCSOLATOK T\u00dcKR\u00c9BEN &#8211; TAPASZTALATOK AZ \u201eINTEGR\u00c1LT SZ\u00dcL\u0150-CSECSEM\u0150 KONZULT\u00c1CI\u00d3 (H\u00c9DERV\u00c1RI-HELLER \u00c9S N\u00c9METH)\u201d GYAKORLAT\u00c1R\u00d3L c\u00edm\u0171 konferenci\u00e1ra Id\u0151pont: 2016. m\u00e1rcius 17., 8.30-16.00 \u00f3r\u00e1ig <a href=\"https:\/\/semmelweis.hu\/mental\/files\/2018\/06\/ISZCSK-konferencia-h\u00edvogat\u00f3_jelentkez\u00e9si-lappal_2016.pdf\" target=\"_blank\" rel=\"noopener\">Jelentkez\u00e9si lap<\/a> \u00a0let\u00f6lthet\u0151\u00a0pdf-ben vagy\u00a0 <a href=\"https:\/\/semmelweis.hu\/mental\/files\/2018\/06\/ISZCSK-konferencia_jelentkez\u00e9si-lap_2016.docx\" target=\"_blank\" rel=\"noopener\">Word-f\u00e1jlk\u00e9nt <\/a> is. Szervez\u0151k: Semmelweis Egyetem EKK Ment\u00e1lhigi\u00e9n\u00e9 Int\u00e9zet Heim P\u00e1l Gyermekk\u00f3rh\u00e1z ELTE B\u00e1rczi Guszt\u00e1v Gy\u00f3gypedag\u00f3giai Kar Nemzeti Eg\u00e9szs\u00e9gfejleszt\u00e9si Int\u00e9zet V\u00e9dn\u00f6k: Prof. Dr. Pethesn\u00e9 D\u00e1vid Be\u00e1ta SE Ment\u00e1lhigi\u00e9n\u00e9 Int\u00e9zet &hellip;<\/p>\n","protected":false},"author":101265,"featured_media":409,"comment_status":"closed","ping_status":"closed","sticky":false,"template":"","format":"standard","meta":{"_acf_changed":false,"footnotes":""},"categories":[1],"tags":[],"class_list":["post-251","post","type-post","status-publish","format-standard","has-post-thumbnail","hentry","category-hirek"],"acf":[],"_links":{"self":[{"href":"https:\/\/semmelweis.hu\/mental\/wp-json\/wp\/v2\/posts\/251","targetHints":{"allow":["GET"]}}],"collection":[{"href":"https:\/\/semmelweis.hu\/mental\/wp-json\/wp\/v2\/posts"}],"about":[{"href":"https:\/\/semmelweis.hu\/mental\/wp-json\/wp\/v2\/types\/post"}],"author":[{"embeddable":true,"href":"https:\/\/semmelweis.hu\/mental\/wp-json\/wp\/v2\/users\/101265"}],"replies":[{"embeddable":true,"href":"https:\/\/semmelweis.hu\/mental\/wp-json\/wp\/v2\/comments?post=251"}],"version-history":[{"count":4,"href":"https:\/\/semmelweis.hu\/mental\/wp-json\/wp\/v2\/posts\/251\/revisions"}],"predecessor-version":[{"id":2120,"href":"https:\/\/semmelweis.hu\/mental\/wp-json\/wp\/v2\/posts\/251\/revisions\/2120"}],"wp:featuredmedia":[{"embeddable":true,"href":"https:\/\/semmelweis.hu\/mental\/wp-json\/wp\/v2\/media\/409"}],"wp:attachment":[{"href":"https:\/\/semmelweis.hu\/mental\/wp-json\/wp\/v2\/media?parent=251"}],"wp:term":[{"taxonomy":"category","embeddable":true,"href":"https:\/\/semmelweis.hu\/mental\/wp-json\/wp\/v2\/categories?post=251"},{"taxonomy":"post_tag","embeddable":true,"href":"https:\/\/semmelweis.hu\/mental\/wp-json\/wp\/v2\/tags?post=251"}],"curies":[{"name":"wp","href":"https:\/\/api.w.org\/{rel}","templated":true}]}}