{"id":250,"date":"2018-06-08T00:00:00","date_gmt":"2018-06-07T22:00:00","guid":{"rendered":"http:\/\/semmelweis.hu\/mental\/679-antropos-konferencia-a-csoportban-rejlo-ero\/"},"modified":"2018-06-18T12:51:51","modified_gmt":"2018-06-18T10:51:51","slug":"antropos-konferencia-a-csoportban-rejlo-ero","status":"publish","type":"post","link":"https:\/\/semmelweis.hu\/mental\/2018\/06\/08\/antropos-konferencia-a-csoportban-rejlo-ero\/","title":{"rendered":"ANTROPOS KONFERENCIA &#8211; A CSOPORTBAN REJL\u0150 ER\u0150"},"content":{"rendered":"<p>Csoportban Rejl\u0151 Er\u0151 c\u00edmmel az Antropos Ment\u00e1lhygi\u00e9n\u00e9s Egyes\u00fclet, a Magyar P\u00e1sztor\u00e1lpszichol\u00f3giai T\u00e1rsas\u00e1g\u00a0\u00e9s a Ment\u00e1lhigi\u00e9n\u00e9 Int\u00e9zet 2016. febru\u00e1r 27-\u00e9n konferenci\u00e1t rendez.<\/p>\n<p>Regisztr\u00e1ci\u00f3 \u00e9s r\u00e9szletek 2016. janu\u00e1r 13-t\u00f3l a www.antroposegyesulet.hu oldalon<\/p>\n<p>Az idei konferenci\u00e1n a csoport, k\u00f6z\u00f6ss\u00e9g, h\u00e1l\u00f3zat t\u00e9mak\u00f6r\u00e9t j\u00e1rjuk k\u00f6rbe. Sok k\u00e9rd\u00e9st szeretn\u00e9nk egy\u00fctt k\u00f6rbej\u00e1rni: Mit jelent a csoporthoz tartozni? Milyen plusz er\u0151forr\u00e1st jelenthet az \u00f6nismereti munk\u00e1ban? Kinek van sz\u00fcks\u00e9ge csoportra, h\u00e1l\u00f3zatra? Mindenkire sz\u00fcks\u00e9g van a csoportban? Milyen csoportm\u00f3dszereket haszn\u00e1lhatunk a ment\u00e1lhigi\u00e9n\u00e9ben? Melyiknek mi az el\u0151nye? Mikor aj\u00e1nlott egy\u00e9ni, mikor csoportos \u00f6nismeret? Milyen er\u0151k \u00e9brednek a csoportban? Hogyan dolgozzunk a megjelen\u0151 er\u0151kkel?<\/p>\n<p>HELYSZ\u00cdN: Patrona Hungariae Katolikus Iskolak\u00f6zpont, 1092 Budapest, Kn\u00e9zich u. 3-13.<br \/>\nREGISZTR\u00c1CI\u00d3S D\u00cdJ: 2.500 forint (Eb\u00e9d ig\u00e9nyl\u00e9se eset\u00e9n 3.500 forint)<br \/>\nTOV\u00c1BBI INFORM\u00c1CI\u00d3: Telefonsz\u00e1m: 0630-2064551<br \/>\nE-mail: <a href=\"mailto:info@antroposegyesulet.hu\">info@antroposegyesulet.hu<\/a><\/p>\n","protected":false},"excerpt":{"rendered":"<p>Csoportban Rejl\u0151 Er\u0151 c\u00edmmel az Antropos Ment\u00e1lhygi\u00e9n\u00e9s Egyes\u00fclet, a Magyar P\u00e1sztor\u00e1lpszichol\u00f3giai T\u00e1rsas\u00e1g\u00a0\u00e9s a Ment\u00e1lhigi\u00e9n\u00e9 Int\u00e9zet 2016. febru\u00e1r 27-\u00e9n konferenci\u00e1t rendez. Regisztr\u00e1ci\u00f3 \u00e9s r\u00e9szletek 2016. janu\u00e1r 13-t\u00f3l a www.antroposegyesulet.hu oldalon Az idei konferenci\u00e1n a csoport, k\u00f6z\u00f6ss\u00e9g, h\u00e1l\u00f3zat t\u00e9mak\u00f6r\u00e9t j\u00e1rjuk k\u00f6rbe. Sok k\u00e9rd\u00e9st szeretn\u00e9nk egy\u00fctt k\u00f6rbej\u00e1rni: Mit jelent a csoporthoz tartozni? Milyen plusz er\u0151forr\u00e1st jelenthet az \u00f6nismereti &hellip;<\/p>\n","protected":false},"author":101265,"featured_media":0,"comment_status":"closed","ping_status":"closed","sticky":false,"template":"","format":"standard","meta":{"_acf_changed":false,"footnotes":""},"categories":[1],"tags":[],"class_list":["post-250","post","type-post","status-publish","format-standard","hentry","category-hirek"],"acf":[],"_links":{"self":[{"href":"https:\/\/semmelweis.hu\/mental\/wp-json\/wp\/v2\/posts\/250","targetHints":{"allow":["GET"]}}],"collection":[{"href":"https:\/\/semmelweis.hu\/mental\/wp-json\/wp\/v2\/posts"}],"about":[{"href":"https:\/\/semmelweis.hu\/mental\/wp-json\/wp\/v2\/types\/post"}],"author":[{"embeddable":true,"href":"https:\/\/semmelweis.hu\/mental\/wp-json\/wp\/v2\/users\/101265"}],"replies":[{"embeddable":true,"href":"https:\/\/semmelweis.hu\/mental\/wp-json\/wp\/v2\/comments?post=250"}],"version-history":[{"count":2,"href":"https:\/\/semmelweis.hu\/mental\/wp-json\/wp\/v2\/posts\/250\/revisions"}],"predecessor-version":[{"id":2115,"href":"https:\/\/semmelweis.hu\/mental\/wp-json\/wp\/v2\/posts\/250\/revisions\/2115"}],"wp:attachment":[{"href":"https:\/\/semmelweis.hu\/mental\/wp-json\/wp\/v2\/media?parent=250"}],"wp:term":[{"taxonomy":"category","embeddable":true,"href":"https:\/\/semmelweis.hu\/mental\/wp-json\/wp\/v2\/categories?post=250"},{"taxonomy":"post_tag","embeddable":true,"href":"https:\/\/semmelweis.hu\/mental\/wp-json\/wp\/v2\/tags?post=250"}],"curies":[{"name":"wp","href":"https:\/\/api.w.org\/{rel}","templated":true}]}}