{"id":25,"date":"2018-06-08T00:00:00","date_gmt":"2018-06-07T22:00:00","guid":{"rendered":"http:\/\/semmelweis.hu\/mental\/922-arto-vedo-konferencia-2018\/"},"modified":"2018-06-15T13:24:21","modified_gmt":"2018-06-15T11:24:21","slug":"922-arto-vedo-konferencia-2018","status":"publish","type":"post","link":"https:\/\/semmelweis.hu\/mental\/2018\/06\/08\/922-arto-vedo-konferencia-2018\/","title":{"rendered":"\u00c1RT\u00d3-V\u00c9D\u0150 KONFERENCIA"},"content":{"rendered":"<p>A konferenci\u00e1r\u00f3l<br \/>\nAz\u00a0\u00c1rt\u00f3-V\u00e9d\u0151 T\u00e1rsadalom Konferencia\u00a0m\u00e1sodik alkalommal ker\u00fcl megrendez\u00e9sre a Semmelweis Egyetem ETK T\u00e1rsadalomtudom\u00e1nyi Tansz\u00e9ke, az \u00c1OK Magatart\u00e1studom\u00e1nyi Int\u00e9zete,\u00a0 az EKK Ment\u00e1lhigi\u00e9n\u00e9 Int\u00e9zete \u00e9s az SE EFIT Alap\u00edtv\u00e1ny k\u00f6z\u00f6s szervez\u00e9s\u00e9ben.<br \/>\nA szervez\u0151k kezdem\u00e9nyezt\u00e9k a konferencia szabadon v\u00e1laszthat\u00f3 tov\u00e1bbk\u00e9pz\u00e9ss\u00e9\u00a0 val\u00f3 min\u0151s\u00edt\u00e9s\u00e9t a sz\u00fcl\u00e9szeti ell\u00e1t\u00e1s, v\u00e9d\u0151n\u0151i, valamint a gyermek \u00e1pol\u00e1s \u00e9s gondoz\u00e1s szakmacsoportba tartoz\u00f3 eg\u00e9szs\u00e9g\u00fcgyi szakdolgoz\u00f3k r\u00e9sz\u00e9re. A min\u0151s\u00edt\u00e9s folyamatban van.<br \/>\nAz orsz\u00e1gos konferencia c\u00e9ljai:<br \/>\n* F\u00f3rum \u00e9s szakmai k\u00f6z\u00f6ss\u00e9g teremt\u00e9se az eg\u00e9szs\u00e9g \u00e9s t\u00e1rsadalom kapcsol\u00f3d\u00e1saival foglalkoz\u00f3 kutat\u00f3k \u00e9s kutat\u00e1sok sz\u00e1m\u00e1ra<br \/>\n* A leg\u00fajabb eg\u00e9szs\u00e9gszociol\u00f3giai, orvosi szociol\u00f3giai vizsg\u00e1lati eredm\u00e9nyek \u00e9s m\u00f3dszerek bemutat\u00e1sa<br \/>\n* Az eg\u00e9szs\u00e9g szoci\u00e1lis, ment\u00e1lis \u00e9s lelki dimenzi\u00f3j\u00e1nak hangs\u00falyoz\u00e1sa<br \/>\n* Az eg\u00e9szs\u00e9g\u00fcgyi szakemberek k\u00e9pz\u00e9s\u00e9vel kapcsolatos oktat\u00e1si tapasztalatok megoszt\u00e1sa<br \/>\n* Szakmai, kutat\u00e1si egy\u00fcttm\u0171k\u00f6d\u00e9sek kialak\u00edt\u00e1sa<br \/>\nA konferencia kiemelt t\u00e9m\u00e1i 2018-ban:<br \/>\n* Sz\u00fcl\u00e9s \u00e9s sz\u00fclet\u00e9s<br \/>\n* Korasz\u00fcl\u00f6ttek<br \/>\n* P\u00e1rv\u00e1laszt\u00e1s<br \/>\n* Gyermekv\u00e1llal\u00e1s<br \/>\n* Csal\u00e1d<br \/>\n* Egysz\u00fcl\u0151s csal\u00e1dok<br \/>\nId\u0151pont:\u00a02018. j\u00fanius 8.<br \/>\nHelysz\u00edn:\u00a0Semmelweis Egyetem Eg\u00e9szs\u00e9gtudom\u00e1nyi Kar<br \/>\n1088 Budapest, Vas utca 17.<br \/>\nPublik\u00e1ci\u00f3s lehet\u0151s\u00e9g:\u00a0a konferencia legjobb el\u0151ad\u00f3i sz\u00e1m\u00e1ra publik\u00e1ci\u00f3s lehet\u0151s\u00e9get biztos\u00edtunk a\u00a0European Journal of Mental Health, valamint a\u00a0Ment\u00e1lhigi\u00e9n\u00e9 \u00e9s Pszichoszomatika\u00a0foly\u00f3iratokban.<br \/>\nAbsztraktok bek\u00fcld\u00e9se:\u00a02018.02.05-03.31. k\u00f6z\u00f6tt<br \/>\nRegisztr\u00e1ci\u00f3 hat\u00e1rideje:<br \/>\nPacsirta: 2018.04.30.<br \/>\nNorm\u00e1l: 2018.05.25.<\/p>\n","protected":false},"excerpt":{"rendered":"<p>A konferenci\u00e1r\u00f3l Az\u00a0\u00c1rt\u00f3-V\u00e9d\u0151 T\u00e1rsadalom Konferencia\u00a0m\u00e1sodik alkalommal ker\u00fcl megrendez\u00e9sre a Semmelweis Egyetem ETK T\u00e1rsadalomtudom\u00e1nyi Tansz\u00e9ke, az \u00c1OK Magatart\u00e1studom\u00e1nyi Int\u00e9zete,\u00a0 az EKK Ment\u00e1lhigi\u00e9n\u00e9 Int\u00e9zete \u00e9s az SE EFIT Alap\u00edtv\u00e1ny k\u00f6z\u00f6s szervez\u00e9s\u00e9ben. A szervez\u0151k kezdem\u00e9nyezt\u00e9k a konferencia szabadon v\u00e1laszthat\u00f3 tov\u00e1bbk\u00e9pz\u00e9ss\u00e9\u00a0 val\u00f3 min\u0151s\u00edt\u00e9s\u00e9t a sz\u00fcl\u00e9szeti ell\u00e1t\u00e1s, v\u00e9d\u0151n\u0151i, valamint a gyermek \u00e1pol\u00e1s \u00e9s gondoz\u00e1s szakmacsoportba tartoz\u00f3 eg\u00e9szs\u00e9g\u00fcgyi szakdolgoz\u00f3k r\u00e9sz\u00e9re. A &hellip;<\/p>\n","protected":false},"author":101265,"featured_media":408,"comment_status":"closed","ping_status":"closed","sticky":false,"template":"","format":"standard","meta":{"_acf_changed":false,"footnotes":""},"categories":[1],"tags":[],"class_list":["post-25","post","type-post","status-publish","format-standard","has-post-thumbnail","hentry","category-hirek"],"acf":[],"_links":{"self":[{"href":"https:\/\/semmelweis.hu\/mental\/wp-json\/wp\/v2\/posts\/25","targetHints":{"allow":["GET"]}}],"collection":[{"href":"https:\/\/semmelweis.hu\/mental\/wp-json\/wp\/v2\/posts"}],"about":[{"href":"https:\/\/semmelweis.hu\/mental\/wp-json\/wp\/v2\/types\/post"}],"author":[{"embeddable":true,"href":"https:\/\/semmelweis.hu\/mental\/wp-json\/wp\/v2\/users\/101265"}],"replies":[{"embeddable":true,"href":"https:\/\/semmelweis.hu\/mental\/wp-json\/wp\/v2\/comments?post=25"}],"version-history":[{"count":3,"href":"https:\/\/semmelweis.hu\/mental\/wp-json\/wp\/v2\/posts\/25\/revisions"}],"predecessor-version":[{"id":1924,"href":"https:\/\/semmelweis.hu\/mental\/wp-json\/wp\/v2\/posts\/25\/revisions\/1924"}],"wp:featuredmedia":[{"embeddable":true,"href":"https:\/\/semmelweis.hu\/mental\/wp-json\/wp\/v2\/media\/408"}],"wp:attachment":[{"href":"https:\/\/semmelweis.hu\/mental\/wp-json\/wp\/v2\/media?parent=25"}],"wp:term":[{"taxonomy":"category","embeddable":true,"href":"https:\/\/semmelweis.hu\/mental\/wp-json\/wp\/v2\/categories?post=25"},{"taxonomy":"post_tag","embeddable":true,"href":"https:\/\/semmelweis.hu\/mental\/wp-json\/wp\/v2\/tags?post=25"}],"curies":[{"name":"wp","href":"https:\/\/api.w.org\/{rel}","templated":true}]}}