{"id":249,"date":"2018-06-08T00:00:00","date_gmt":"2018-06-07T22:00:00","guid":{"rendered":"http:\/\/semmelweis.hu\/mental\/690-doktori-tajekoztato\/"},"modified":"2018-06-18T12:50:04","modified_gmt":"2018-06-18T10:50:04","slug":"doktori-tajekoztato","status":"publish","type":"post","link":"https:\/\/semmelweis.hu\/mental\/2018\/06\/08\/doktori-tajekoztato\/","title":{"rendered":"DOKTORI T\u00c1J\u00c9KOZTAT\u00d3"},"content":{"rendered":"<p>A doktori k\u00e9pz\u00e9s ir\u00e1nt \u00e9rdekl\u0151d\u0151k sz\u00e1m\u00e1ra 2016. m\u00e1rcius 3-\u00e1n d\u00e9lut\u00e1n 16:30-t\u00f3l felv\u00e9teli el\u0131k\u00e9sz\u00edt\u0151 konzult\u00e1ci\u00f3s alkalmat tartunk a K\u00fatv\u00f6lgyi \u00fat 2. sz. alatt, melyen a r\u00e9sztvev\u0151k megismerik a k\u00e9pz\u00e9s fel\u00e9p\u00edt\u00e9s\u00e9t, a t\u00e9mavezet\u0151ket, valamint a sikeres jelentkez\u00e9s felt\u00e9teleit \u00e9s t\u00e1mogat\u00e1st kaphatnak a doktori k\u00e9pz\u00e9sre val\u00f3 felk\u00e9sz\u00fcl\u00e9shez.Az alkalomra el\u0131zetes bejelentkez\u00e9s sz\u00fcks\u00e9ges az al\u00e1bbi google form-on kereszt\u00fcl:<br \/>\nhttp:\/\/goo.gl\/forms\/jYo5KRytb7<\/p>\n<p>R\u00e9szletek a <a href=\"https:\/\/semmelweis.hu\/mental\/files\/2018\/06\/Mental-DI_flyer_201602.pdf\" target=\"_blank\" rel=\"noopener\">csatolt f\u00e1jl<\/a>ban is.<\/p>\n<p>A Ment\u00e1lhigi\u00e9n\u00e9 Int\u00e9zet munkat\u00e1rsainak k\u00f6zrem\u0171k\u00f6d\u00e9s\u00e9vel m\u0171k\u00f6d\u0151 doktori program az emberek \u00e9s csoportok sikeres, a lelki eg\u00e9szs\u00e9get fejleszt\u0151 \u00e9letstrat\u00e9gi\u00e1it \u00e9s probl\u00e9mamegold\u00f3 k\u00e9pess\u00e9g\u00e9t kutatja <strong>ment\u00e1lhigi\u00e9n\u00e9s szeml\u00e9lettel, interdiszciplin\u00e1ris<\/strong> megk\u00f6zel\u00edt\u00e9sben.<\/p>\n<p><strong>A Doktori Program meghirdetett t\u00e9m\u00e1i az al\u00e1bbi ter\u00fcleteket \u00f6lelik fel:<\/strong><\/p>\n<ul>\n<li>az emberek testi-lelki j\u00f3ll\u00e9t\u00e9nek meghat\u00e1roz\u00f3i,<\/li>\n<li>a mozg\u00f3s\u00edthat\u00f3 t\u00e1rsas \u00e9s k\u00f6z\u00f6ss\u00e9gi kapcsolatok,<\/li>\n<li>az \u00e9rt\u00e9krend \u00e9s szimbolikus t\u0151ke (pl. vil\u00e1gn\u00e9zet, vall\u00e1s),<\/li>\n<li>a szem\u00e9lyes er\u0151forr\u00e1sok \u00e9s ezek fejleszt\u00e9se,<\/li>\n<li>a kisebbs\u00e9gi (pl. roma) identit\u00e1s vizsg\u00e1lata,<\/li>\n<li>a testi-lelki j\u00f3ll\u00e9t n\u00f6vel\u00e9s\u00e9nek int\u00e9zm\u00e9nyes m\u00f3dozatai.<\/li>\n<\/ul>\n<p>A <strong>t\u00e9mavezet\u0151k<\/strong> \u00e9s a meghirdetett <strong>doktori t\u00e9m\u00e1k<\/strong> r\u00f6vid \u00e1ttekint\u00e9se megtal\u00e1lhat\u00f3 az Int\u00e9zet honlapj\u00e1n. (Ezekt\u0151l valamennyire elt\u00e9r\u0151, de a program profilj\u00e1hoz j\u00f3l illeszked\u0151 t\u00e9m\u00e1val is lehet jelentkezni, de egy v\u00e1lasztott doktori t\u00e9mavezet\u0151vel val\u00f3 egyeztet\u00e9s \u00e9s az \u0151 \u201eelfogad\u00e1sa\u201d mindenk\u00e9ppen sz\u00fcks\u00e9ges).<\/p>\n<p>Jelentkez\u00e9si hat\u00e1rid\u0151 a doktori k\u00e9pz\u00e9sre v\u00e1rhat\u00f3an: <strong><span style=\"text-decoration: underline;\">2016 m\u00e1jus m\u00e1sodik fele<\/span><\/strong> \u2013 az Egyetemi PhD honlapon teszik k\u00f6zz\u00e9.<\/p>\n<p><strong>Tov\u00e1bbi t\u00e1j\u00e9koz\u00f3d\u00e1s \u00e9s inform\u00e1ci\u00f3k:<\/strong><\/p>\n<p>Honlapon: <a href=\"https:\/\/semmelweis.hu\/mental\/doktori-kepzes\/\">https:\/\/semmelweis.hu\/mental\/doktori-kepzes\/<\/a><\/p>\n<p><a href=\"http:\/\/phd.semmelweis.hu\/\">http:\/\/phd.semmelweis.hu\/\/<\/a> , <a href=\"http:\/\/phd.semmelweis.hu\/felveteli\">http:\/\/phd.semmelweis.hu\/felveteli<\/a><\/p>\n<p>A doktori program titk\u00e1r\u00e1n\u00e1l:<\/p>\n<p>dr. Martos Tam\u00e1s, <a href=\"mailto:martos.tamas@public.semmelweis-univ.hu\">martos.tamas@public.semmelweis-univ.hu<\/a><\/p>\n<table style=\"width: 693px;\" border=\"1\" cellspacing=\"0\" cellpadding=\"0\">\n<tbody>\n<tr>\n<td width=\"206\"><strong>Bakacsi Gyula<\/strong><\/td>\n<td width=\"487\">Nemzeti \u00e9s szervezeti kult\u00fara \u00e9s leadership az eg\u00e9szs\u00e9g\u00fcgyben (a GLOBE kutat\u00e1s m\u00f3dszertan\u00e1val)<\/td>\n<\/tr>\n<tr>\n<td width=\"206\"><strong>Bal\u00e1zs P\u00e9ter<\/strong><\/td>\n<td width=\"487\">Az orvosi hivat\u00e1smitol\u00f3gia eredete \u00e9s t\u00f6rt\u00e9nelmi v\u00e1ltoz\u00e1sai<\/td>\n<\/tr>\n<tr>\n<td width=\"206\"><strong>Ga\u00e1l P\u00e9ter<\/strong><\/td>\n<td width=\"487\">A t\u00e1rsadalmi t\u0151ke szerepe \u00e9s jelent\u0151s\u00e9ge az eg\u00e9szs\u00e9g\u00fcgyi rendszer m\u0171k\u00f6d\u00e9s\u00e9ben<\/td>\n<\/tr>\n<tr>\n<td width=\"206\"><strong>Ittz\u00e9s Andr\u00e1s<\/strong><\/td>\n<td width=\"487\">A ment\u00e1lhigi\u00e9n\u00e9s jellemz\u0151k m\u00e9r\u00e9s\u00e9nek m\u00f3dszertana, k\u00e9pz\u00e9sek eredm\u00e9nyess\u00e9g\u00e9nek vizsg\u00e1lata<\/td>\n<\/tr>\n<tr>\n<td width=\"206\"><strong>Ittz\u00e9s G\u00e1bor<\/strong><\/td>\n<td width=\"487\">A posztmodern hat\u00e1sa k\u00f6z\u00f6ss\u00e9gek vezet\u0151k\u00e9pz\u00e9si modelljeire<\/td>\n<\/tr>\n<tr>\n<td width=\"206\"><strong>Martos Tam\u00e1s<\/strong><\/td>\n<td width=\"487\">Szem\u00e9lyes c\u00e9lok \u00e9s \u00e9letc\u00e9lok szerepe a pozit\u00edv lelki eg\u00e9szs\u00e9gben: egy\u00e9ni, t\u00e1rsas \u00e9s t\u00e1rsadalmi megk\u00f6zel\u00edt\u00e9sek<\/td>\n<\/tr>\n<tr>\n<td width=\"206\"><strong>Nagy Endre<\/strong><\/td>\n<td width=\"487\">Szoci\u00e1lis \u00e9s vall\u00e1si t\u00e1rsadalomelm\u00e9letek a norm\u00e1lis \u00e9s a patologikus dimenzi\u00f3j\u00e1ban<\/td>\n<\/tr>\n<tr>\n<td width=\"206\"><strong>P. D\u00e1vid Bea<\/strong><\/td>\n<td width=\"487\">Ment\u00e1lhigi\u00e9n\u00e9 \u00e9s t\u00e1rsadalmi t\u0151ke: egy\u00e9n, csal\u00e1d \u00e9s k\u00f6z\u00f6ss\u00e9g er\u0151forr\u00e1sainak kapcsolath\u00e1l\u00f3zati megk\u00f6zel\u00edt\u00e9se<\/td>\n<\/tr>\n<tr>\n<td width=\"206\"><strong>Sz\u00e9man Zsuzsa<\/strong><\/td>\n<td width=\"487\">Az id\u0151s\u00f6d\u00e9s ment\u00e1lis \u00e9s\u00a0 szoci\u00e1lis probl\u00e9m\u00e1i \u2013 lehets\u00e9ges \u00faj megold\u00e1sok<\/td>\n<\/tr>\n<tr>\n<td width=\"206\"><strong>Tomcs\u00e1nyi J\u00e1nos<\/strong><\/td>\n<td width=\"487\">Az akut ment\u00e1lis stressz eg\u00e9szs\u00e9gre gyakorolt hat\u00e1sa, a stresszt\u00e9nyez\u0151k \u00e9s az \u00e9rintett popul\u00e1ci\u00f3 megismer\u00e9se, \u00e9s a betegs\u00e9g megel\u0151z\u00e9se<\/td>\n<\/tr>\n<tr>\n<td width=\"206\"><strong>Tomcs\u00e1nyi Teod\u00f3ra<\/strong><\/td>\n<td width=\"487\">A ment\u00e1lhigi\u00e9n\u00e9 multidiszciplin\u00e1ris lehet\u0151s\u00e9gei a lelki eg\u00e9szs\u00e9g \u00e9s lelki betegs\u00e9g ter\u00fclet\u00e9n<\/td>\n<\/tr>\n<tr>\n<td width=\"206\"><strong>T\u00f3th P\u00e1l P\u00e9ter<\/strong><\/td>\n<td width=\"487\">A migr\u00e1ci\u00f3, k\u00fcl\u00f6n\u00f6sen a m\u00e1s orsz\u00e1gokba k\u00f6lt\u00f6z\u00e9s hat\u00e1sa a szem\u00e9lyes \u00e9letvitelre, az emberi kapcsolatokra \u00e9s a szubjekt\u00edv j\u00f3ll\u00e9tre<\/td>\n<\/tr>\n<tr>\n<td width=\"206\"><strong>T\u00f6r\u00f6k P\u00e9ter<\/strong><\/td>\n<td width=\"487\">\u00daj vall\u00e1si, ifj\u00fas\u00e1gi \u00e9s \u00f6nseg\u00edt\u0151 k\u00f6z\u00f6ss\u00e9gi mozgalmak<\/td>\n<\/tr>\n<tr>\n<td width=\"206\"><strong>T\u00f6r\u00f6k Szabolcs <\/strong><\/td>\n<td width=\"487\">A prevent\u00edv szeml\u00e9let\u0171 eg\u00e9szs\u00e9gv\u00e9delem ment\u00e1lhigi\u00e9n\u00e9s \u00e9s t\u00e1rsadalmi vonatkoz\u00e1sai<\/td>\n<\/tr>\n<\/tbody>\n<\/table>\n","protected":false},"excerpt":{"rendered":"<p>A doktori k\u00e9pz\u00e9s ir\u00e1nt \u00e9rdekl\u0151d\u0151k sz\u00e1m\u00e1ra 2016. m\u00e1rcius 3-\u00e1n d\u00e9lut\u00e1n 16:30-t\u00f3l felv\u00e9teli el\u0131k\u00e9sz\u00edt\u0151 konzult\u00e1ci\u00f3s alkalmat tartunk a K\u00fatv\u00f6lgyi \u00fat 2. sz. alatt, melyen a r\u00e9sztvev\u0151k megismerik a k\u00e9pz\u00e9s fel\u00e9p\u00edt\u00e9s\u00e9t, a t\u00e9mavezet\u0151ket, valamint a sikeres jelentkez\u00e9s felt\u00e9teleit \u00e9s t\u00e1mogat\u00e1st kaphatnak a doktori k\u00e9pz\u00e9sre val\u00f3 felk\u00e9sz\u00fcl\u00e9shez.Az alkalomra el\u0131zetes bejelentkez\u00e9s sz\u00fcks\u00e9ges az al\u00e1bbi google form-on kereszt\u00fcl: http:\/\/goo.gl\/forms\/jYo5KRytb7 R\u00e9szletek &hellip;<\/p>\n","protected":false},"author":101265,"featured_media":555,"comment_status":"closed","ping_status":"closed","sticky":false,"template":"","format":"standard","meta":{"_acf_changed":false,"footnotes":""},"categories":[1],"tags":[],"class_list":["post-249","post","type-post","status-publish","format-standard","has-post-thumbnail","hentry","category-hirek"],"acf":[],"_links":{"self":[{"href":"https:\/\/semmelweis.hu\/mental\/wp-json\/wp\/v2\/posts\/249","targetHints":{"allow":["GET"]}}],"collection":[{"href":"https:\/\/semmelweis.hu\/mental\/wp-json\/wp\/v2\/posts"}],"about":[{"href":"https:\/\/semmelweis.hu\/mental\/wp-json\/wp\/v2\/types\/post"}],"author":[{"embeddable":true,"href":"https:\/\/semmelweis.hu\/mental\/wp-json\/wp\/v2\/users\/101265"}],"replies":[{"embeddable":true,"href":"https:\/\/semmelweis.hu\/mental\/wp-json\/wp\/v2\/comments?post=249"}],"version-history":[{"count":5,"href":"https:\/\/semmelweis.hu\/mental\/wp-json\/wp\/v2\/posts\/249\/revisions"}],"predecessor-version":[{"id":2114,"href":"https:\/\/semmelweis.hu\/mental\/wp-json\/wp\/v2\/posts\/249\/revisions\/2114"}],"wp:featuredmedia":[{"embeddable":true,"href":"https:\/\/semmelweis.hu\/mental\/wp-json\/wp\/v2\/media\/555"}],"wp:attachment":[{"href":"https:\/\/semmelweis.hu\/mental\/wp-json\/wp\/v2\/media?parent=249"}],"wp:term":[{"taxonomy":"category","embeddable":true,"href":"https:\/\/semmelweis.hu\/mental\/wp-json\/wp\/v2\/categories?post=249"},{"taxonomy":"post_tag","embeddable":true,"href":"https:\/\/semmelweis.hu\/mental\/wp-json\/wp\/v2\/tags?post=249"}],"curies":[{"name":"wp","href":"https:\/\/api.w.org\/{rel}","templated":true}]}}