{"id":248,"date":"2018-06-08T00:00:00","date_gmt":"2018-06-07T22:00:00","guid":{"rendered":"http:\/\/semmelweis.hu\/mental\/714-dekani-dicseret-szombathy-marianak\/"},"modified":"2018-06-18T12:41:32","modified_gmt":"2018-06-18T10:41:32","slug":"dekani-dicseret-szombathy-marianak","status":"publish","type":"post","link":"https:\/\/semmelweis.hu\/mental\/2018\/06\/08\/dekani-dicseret-szombathy-marianak\/","title":{"rendered":"D\u00c9K\u00c1NI DICS\u00c9RET SZOMBATHY M\u00c1RI\u00c1NAK"},"content":{"rendered":"<p>Munkat\u00e1rsunk, Bucholczn\u00e9 Szombathy M\u00e1ria 2015. m\u00e1rcius 11-\u00e9n d\u00e9k\u00e1ni dics\u00e9retben r\u00e9szes\u00fclt.<br \/>\nMari oktat\u00e1si feladatait nagy felel\u0151ss\u00e9ggel, felk\u00e9sz\u00fclten l\u00e1tja el. Munk\u00e1j\u00e1t kiemelked\u0151 alaposs\u00e1ggal \u00e9s k\u00f6r\u00fcltekint\u00e9ssel v\u00e9gzi, a r\u00e1b\u00edzott feladatokat lelkiismeretesen l\u00e1tja el. Oktat\u00e1sszervez\u00e9si munk\u00e1j\u00e1ban t\u00f6rekszik a folyamatos fejl\u0151d\u00e9sre \u00e9s ismeretei, k\u00e9szs\u00e9gei fejleszt\u00e9s\u00e9re. Az Int\u00e9zet \u00e9s az Egyetem dolgoz\u00f3ival kiemelt tisztelettel, k\u00fcl\u00f6nleges figyelemmel kommunik\u00e1l hozz\u00e1j\u00e1rulva ehhez a Int\u00e9zeten bel\u00fcli \u00e9s k\u00edv\u00fcli kapcsolatok er\u0151s\u00f6d\u00e9s\u00e9hez.<br \/>\nSz\u00edvb\u0151l gratul\u00e1lunk neki!<\/p>\n<p>R\u00e9szletek:<br \/>\n<a href=\"https:\/\/semmelweis.hu\/hirek\/2016\/03\/11\/1848-marcius-15-esemenyei-meg-ma-is-szabadsagert-az-orszagert-es-honfitarsainkert-valo-tenni-akaras-osszefogas-lelkesito-peldaja\/\">https:\/\/semmelweis.hu\/hirek\/2016\/03\/11\/1848-marcius-15-esemenyei-meg-ma-is-szabadsagert-az-orszagert-es-honfitarsainkert-valo-tenni-akaras-osszefogas-lelkesito-peldaja\/<\/a><\/p>\n","protected":false},"excerpt":{"rendered":"<p>Munkat\u00e1rsunk, Bucholczn\u00e9 Szombathy M\u00e1ria 2015. m\u00e1rcius 11-\u00e9n d\u00e9k\u00e1ni dics\u00e9retben r\u00e9szes\u00fclt. Mari oktat\u00e1si feladatait nagy felel\u0151ss\u00e9ggel, felk\u00e9sz\u00fclten l\u00e1tja el. Munk\u00e1j\u00e1t kiemelked\u0151 alaposs\u00e1ggal \u00e9s k\u00f6r\u00fcltekint\u00e9ssel v\u00e9gzi, a r\u00e1b\u00edzott feladatokat lelkiismeretesen l\u00e1tja el. Oktat\u00e1sszervez\u00e9si munk\u00e1j\u00e1ban t\u00f6rekszik a folyamatos fejl\u0151d\u00e9sre \u00e9s ismeretei, k\u00e9szs\u00e9gei fejleszt\u00e9s\u00e9re. Az Int\u00e9zet \u00e9s az Egyetem dolgoz\u00f3ival kiemelt tisztelettel, k\u00fcl\u00f6nleges figyelemmel kommunik\u00e1l hozz\u00e1j\u00e1rulva ehhez a Int\u00e9zeten &hellip;<\/p>\n","protected":false},"author":101265,"featured_media":593,"comment_status":"closed","ping_status":"closed","sticky":false,"template":"","format":"standard","meta":{"_acf_changed":false,"footnotes":""},"categories":[1],"tags":[],"class_list":["post-248","post","type-post","status-publish","format-standard","has-post-thumbnail","hentry","category-hirek"],"acf":[],"_links":{"self":[{"href":"https:\/\/semmelweis.hu\/mental\/wp-json\/wp\/v2\/posts\/248","targetHints":{"allow":["GET"]}}],"collection":[{"href":"https:\/\/semmelweis.hu\/mental\/wp-json\/wp\/v2\/posts"}],"about":[{"href":"https:\/\/semmelweis.hu\/mental\/wp-json\/wp\/v2\/types\/post"}],"author":[{"embeddable":true,"href":"https:\/\/semmelweis.hu\/mental\/wp-json\/wp\/v2\/users\/101265"}],"replies":[{"embeddable":true,"href":"https:\/\/semmelweis.hu\/mental\/wp-json\/wp\/v2\/comments?post=248"}],"version-history":[{"count":2,"href":"https:\/\/semmelweis.hu\/mental\/wp-json\/wp\/v2\/posts\/248\/revisions"}],"predecessor-version":[{"id":2107,"href":"https:\/\/semmelweis.hu\/mental\/wp-json\/wp\/v2\/posts\/248\/revisions\/2107"}],"wp:featuredmedia":[{"embeddable":true,"href":"https:\/\/semmelweis.hu\/mental\/wp-json\/wp\/v2\/media\/593"}],"wp:attachment":[{"href":"https:\/\/semmelweis.hu\/mental\/wp-json\/wp\/v2\/media?parent=248"}],"wp:term":[{"taxonomy":"category","embeddable":true,"href":"https:\/\/semmelweis.hu\/mental\/wp-json\/wp\/v2\/categories?post=248"},{"taxonomy":"post_tag","embeddable":true,"href":"https:\/\/semmelweis.hu\/mental\/wp-json\/wp\/v2\/tags?post=248"}],"curies":[{"name":"wp","href":"https:\/\/api.w.org\/{rel}","templated":true}]}}