{"id":247,"date":"2018-06-08T00:00:00","date_gmt":"2018-06-07T22:00:00","guid":{"rendered":"http:\/\/semmelweis.hu\/mental\/721-eduvital-eloadas\/"},"modified":"2018-06-18T12:25:13","modified_gmt":"2018-06-18T10:25:13","slug":"eduvital-eloadas","status":"publish","type":"post","link":"https:\/\/semmelweis.hu\/mental\/2018\/06\/08\/eduvital-eloadas\/","title":{"rendered":"EDUVITAL EL\u0150AD\u00c1S"},"content":{"rendered":"<p>Mennyire m\u00e1s a &#8222;M\u00e1ss\u00e1g&#8221;? c\u00edmmel tart el\u0151ad\u00e1st Prof. Falus Andr\u00e1s \u00e9s Dr. Fischer Eszter.<\/p>\n<p>Id\u0151pont: 2016. \u00e1prilis 15., 14 \u00f3ra<br \/>\nHelysz\u00edn: SE ETK 428-as el\u0151ad\u00f3terme (Budapest VIII., Vas u. 17.)<\/p>\n<p>El\u0151ad\u00f3k: Prof. Falus Andr\u00e1s, Dr. Fischer Eszter<\/p>\n<p>Az esem\u00e9ny az Eduvital NET \u00e9s az ETK k\u00f6z\u00f6s szervez\u00e9s\u0171 el\u0151ad\u00e1s-sorozat\u00e1nak r\u00e9sze.<\/p>\n","protected":false},"excerpt":{"rendered":"<p>Mennyire m\u00e1s a &#8222;M\u00e1ss\u00e1g&#8221;? c\u00edmmel tart el\u0151ad\u00e1st Prof. Falus Andr\u00e1s \u00e9s Dr. Fischer Eszter.<br \/>\nId\u0151pont: 2016. \u00e1prilis 15., 14 \u00f3ra<br \/>\nHelysz\u00edn: SE ETK 428-as el\u0151ad\u00f3terme (Budapest VIII., Vas u. 17.)<br \/>\nEl\u0151ad\u00f3k: Prof. Falus Andr\u00e1s, Dr. Fischer Eszter<br \/>\nAz esem\u00e9ny az Eduvital NET \u00e9s az ETK k\u00f6z\u00f6s szervez\u00e9s\u0171 el\u0151ad\u00e1s-sorozat\u00e1nak r\u00e9sze.<\/p>\n","protected":false},"author":101265,"featured_media":441,"comment_status":"closed","ping_status":"closed","sticky":false,"template":"","format":"standard","meta":{"_acf_changed":false,"footnotes":""},"categories":[1],"tags":[],"class_list":["post-247","post","type-post","status-publish","format-standard","has-post-thumbnail","hentry","category-hirek"],"acf":[],"_links":{"self":[{"href":"https:\/\/semmelweis.hu\/mental\/wp-json\/wp\/v2\/posts\/247","targetHints":{"allow":["GET"]}}],"collection":[{"href":"https:\/\/semmelweis.hu\/mental\/wp-json\/wp\/v2\/posts"}],"about":[{"href":"https:\/\/semmelweis.hu\/mental\/wp-json\/wp\/v2\/types\/post"}],"author":[{"embeddable":true,"href":"https:\/\/semmelweis.hu\/mental\/wp-json\/wp\/v2\/users\/101265"}],"replies":[{"embeddable":true,"href":"https:\/\/semmelweis.hu\/mental\/wp-json\/wp\/v2\/comments?post=247"}],"version-history":[{"count":3,"href":"https:\/\/semmelweis.hu\/mental\/wp-json\/wp\/v2\/posts\/247\/revisions"}],"predecessor-version":[{"id":2095,"href":"https:\/\/semmelweis.hu\/mental\/wp-json\/wp\/v2\/posts\/247\/revisions\/2095"}],"wp:featuredmedia":[{"embeddable":true,"href":"https:\/\/semmelweis.hu\/mental\/wp-json\/wp\/v2\/media\/441"}],"wp:attachment":[{"href":"https:\/\/semmelweis.hu\/mental\/wp-json\/wp\/v2\/media?parent=247"}],"wp:term":[{"taxonomy":"category","embeddable":true,"href":"https:\/\/semmelweis.hu\/mental\/wp-json\/wp\/v2\/categories?post=247"},{"taxonomy":"post_tag","embeddable":true,"href":"https:\/\/semmelweis.hu\/mental\/wp-json\/wp\/v2\/tags?post=247"}],"curies":[{"name":"wp","href":"https:\/\/api.w.org\/{rel}","templated":true}]}}