{"id":246,"date":"2018-06-08T00:00:00","date_gmt":"2018-06-07T22:00:00","guid":{"rendered":"http:\/\/semmelweis.hu\/mental\/717-az-elet-allomasai\/"},"modified":"2018-06-18T12:39:40","modified_gmt":"2018-06-18T10:39:40","slug":"az-elet-allomasai","status":"publish","type":"post","link":"https:\/\/semmelweis.hu\/mental\/2018\/06\/08\/az-elet-allomasai\/","title":{"rendered":"AZ \u00c9LET \u00c1LLOM\u00c1SAI"},"content":{"rendered":"<p>&#8222;Az \u00e9let \u00e1llom\u00e1sai jogi \u00e9s lelki \u00e9rtelemben&#8221;<br \/>\nId\u0151pont:\u00a0<strong>2016. \u00e1prilis 8.<\/strong>, 14 \u00f3ra<br \/>\nHelysz\u00edn: SE Eg\u00e9szs\u00e9gtudom\u00e1nyi Kar 428-as el\u0151ad\u00f3terme (Budapest, Vas u. 17.)<br \/>\nAz esem\u00e9ny az Eduvital NET \u00e9s az ETK k\u00f6z\u00f6s szervez\u00e9s\u0171 el\u0151ad\u00e1s-sorozat\u00e1nak r\u00e9sze.<\/p>\n","protected":false},"excerpt":{"rendered":"<p>&#8222;Az \u00e9let \u00e1llom\u00e1sai jogi \u00e9s lelki \u00e9rtelemben&#8221;<br \/>\nId\u0151pont:\u00a02016. \u00e1prilis 8., 14 \u00f3ra<br \/>\nHelysz\u00edn: SE Eg\u00e9szs\u00e9gtudom\u00e1nyi Kar 428-as el\u0151ad\u00f3terme (Budapest, Vas u. 17.)<br \/>\nAz esem\u00e9ny az Eduvital NET \u00e9s az ETK k\u00f6z\u00f6s szervez\u00e9s\u0171 el\u0151ad\u00e1s-sorozat\u00e1nak r\u00e9sze.<\/p>\n","protected":false},"author":101265,"featured_media":440,"comment_status":"closed","ping_status":"closed","sticky":false,"template":"","format":"standard","meta":{"_acf_changed":false,"footnotes":""},"categories":[1],"tags":[],"class_list":["post-246","post","type-post","status-publish","format-standard","has-post-thumbnail","hentry","category-hirek"],"acf":[],"_links":{"self":[{"href":"https:\/\/semmelweis.hu\/mental\/wp-json\/wp\/v2\/posts\/246","targetHints":{"allow":["GET"]}}],"collection":[{"href":"https:\/\/semmelweis.hu\/mental\/wp-json\/wp\/v2\/posts"}],"about":[{"href":"https:\/\/semmelweis.hu\/mental\/wp-json\/wp\/v2\/types\/post"}],"author":[{"embeddable":true,"href":"https:\/\/semmelweis.hu\/mental\/wp-json\/wp\/v2\/users\/101265"}],"replies":[{"embeddable":true,"href":"https:\/\/semmelweis.hu\/mental\/wp-json\/wp\/v2\/comments?post=246"}],"version-history":[{"count":2,"href":"https:\/\/semmelweis.hu\/mental\/wp-json\/wp\/v2\/posts\/246\/revisions"}],"predecessor-version":[{"id":2106,"href":"https:\/\/semmelweis.hu\/mental\/wp-json\/wp\/v2\/posts\/246\/revisions\/2106"}],"wp:featuredmedia":[{"embeddable":true,"href":"https:\/\/semmelweis.hu\/mental\/wp-json\/wp\/v2\/media\/440"}],"wp:attachment":[{"href":"https:\/\/semmelweis.hu\/mental\/wp-json\/wp\/v2\/media?parent=246"}],"wp:term":[{"taxonomy":"category","embeddable":true,"href":"https:\/\/semmelweis.hu\/mental\/wp-json\/wp\/v2\/categories?post=246"},{"taxonomy":"post_tag","embeddable":true,"href":"https:\/\/semmelweis.hu\/mental\/wp-json\/wp\/v2\/tags?post=246"}],"curies":[{"name":"wp","href":"https:\/\/api.w.org\/{rel}","templated":true}]}}