{"id":245,"date":"2018-06-08T00:00:00","date_gmt":"2018-06-07T22:00:00","guid":{"rendered":"http:\/\/semmelweis.hu\/mental\/712-felveteli-felhivas-mentalhigiene-szakiranyu-tovabbkepzesi-szakra\/"},"modified":"2018-06-18T12:37:51","modified_gmt":"2018-06-18T10:37:51","slug":"felveteli-felhivas-mentalhigiene-szakiranyu-tovabbkepzesi-szakra","status":"publish","type":"post","link":"https:\/\/semmelweis.hu\/mental\/2018\/06\/08\/felveteli-felhivas-mentalhigiene-szakiranyu-tovabbkepzesi-szakra\/","title":{"rendered":"FELV\u00c9TELI FELH\u00cdV\u00c1S MENT\u00c1LIGI\u00c9N\u00c9 SZAKIR\u00c1NY\u00da TOV\u00c1BBK\u00c9PZ\u00c9SI SZAKRA"},"content":{"rendered":"<p>Int\u00e9zet\u00fcnk Ment\u00e1lhigi\u00e9n\u00e9 szakir\u00e1ny\u00fa k\u00e9pz\u00e9st hirdet 2016. szeptembert\u0151l. A k\u00e9pz\u00e9sre val\u00f3 jelentkez\u00e9s a <a href=\"https:\/\/semmelweis.hu\/mental\/szakiranyu-kepzesek\/mentalhigiene-tovabbkepzes\/felvetel-a-kepzesre\/\" target=\"_blank\" rel=\"noopener\">let\u00f6lthet\u0151 jelentkez\u00e9si lap<\/a> \u00e9s a mell\u00e9kletek elk\u00fcld\u00e9s\u00e9vel t\u00f6rt\u00e9nik. Jelentkez\u00e9sek be\u00e9rkez\u00e9s\u00e9nek hat\u00e1rideje: 2016. \u00e1prilis 29.<br \/>\nA k\u00e9pz\u00e9s id\u0151tartama 4 f\u00e9l\u00e9v. A k\u00e9pz\u00e9sr\u0151l \u00e9s a felv\u00e9telhez sz\u00fcks\u00e9ges k\u00f6vetelm\u00e9nyekr\u0151l honlapunkon, a k\u00e9pz\u00e9s oldal\u00e1n lehet t\u00e1j\u00e9koz\u00f3dni (Szakir\u00e1ny\u00fa k\u00e9pz\u00e9sek\/Ment\u00e1lhigi\u00e9n\u00e9 2016 \u0151szt\u0151l).<\/p>\n<p><a href=\"https:\/\/semmelweis.hu\/mental\/szakiranyu-kepzesek\/mentalhigiene-tovabbkepzes\/felvetel-a-kepzesre\/\">https:\/\/semmelweis.hu\/mental\/szakiranyu-kepzesek\/mentalhigiene-tovabbkepzes\/felvetel-a-kepzesre\/<\/a><\/p>\n","protected":false},"excerpt":{"rendered":"<p>Int\u00e9zet\u00fcnk Ment\u00e1lhigi\u00e9n\u00e9 szakir\u00e1ny\u00fa k\u00e9pz\u00e9st hirdet 2016. szeptembert\u0151l. A k\u00e9pz\u00e9sre val\u00f3 jelentkez\u00e9s a <a href=\"https:\/\/semmelweis.hu\/mental\/szakiranyu-kepzesek\/mentalhigiene-tovabbkepzes\/felvetel-a-kepzesre\/\" target=\"_blank\" rel=\"noopener\">let\u00f6lthet\u0151 jelentkez\u00e9si lap<\/a> \u00e9s a mell\u00e9kletek elk\u00fcld\u00e9s\u00e9vel t\u00f6rt\u00e9nik. Jelentkez\u00e9sek be\u00e9rkez\u00e9s\u00e9nek hat\u00e1rideje: 2016. \u00e1prilis 29.<br \/>\nA k\u00e9pz\u00e9s id\u0151tartama 4 f\u00e9l\u00e9v. A k\u00e9pz\u00e9sr\u0151l \u00e9s a felv\u00e9telhez sz\u00fcks\u00e9ges k\u00f6vetelm\u00e9nyekr\u0151l honlapunkon, a k\u00e9pz\u00e9s oldal\u00e1n lehet t\u00e1j\u00e9koz\u00f3dni (Szakir\u00e1ny\u00fa k\u00e9pz\u00e9sek\/Ment\u00e1lhigi\u00e9n\u00e9 2016 \u0151szt\u0151l).<br \/>\n<a href=\"https:\/\/semmelweis.hu\/mental\/szakiranyu-kepzesek\/mentalhigiene-tovabbkepzes\/felvetel-a-kepzesre\/\">https:\/\/semmelweis.hu\/mental\/szakiranyu-kepzesek\/mentalhigiene-tovabbkepzes\/felvetel-a-kepzesre\/<\/a><\/p>\n","protected":false},"author":101265,"featured_media":484,"comment_status":"closed","ping_status":"closed","sticky":false,"template":"","format":"standard","meta":{"_acf_changed":false,"footnotes":""},"categories":[1],"tags":[],"class_list":["post-245","post","type-post","status-publish","format-standard","has-post-thumbnail","hentry","category-hirek"],"acf":[],"_links":{"self":[{"href":"https:\/\/semmelweis.hu\/mental\/wp-json\/wp\/v2\/posts\/245","targetHints":{"allow":["GET"]}}],"collection":[{"href":"https:\/\/semmelweis.hu\/mental\/wp-json\/wp\/v2\/posts"}],"about":[{"href":"https:\/\/semmelweis.hu\/mental\/wp-json\/wp\/v2\/types\/post"}],"author":[{"embeddable":true,"href":"https:\/\/semmelweis.hu\/mental\/wp-json\/wp\/v2\/users\/101265"}],"replies":[{"embeddable":true,"href":"https:\/\/semmelweis.hu\/mental\/wp-json\/wp\/v2\/comments?post=245"}],"version-history":[{"count":4,"href":"https:\/\/semmelweis.hu\/mental\/wp-json\/wp\/v2\/posts\/245\/revisions"}],"predecessor-version":[{"id":2105,"href":"https:\/\/semmelweis.hu\/mental\/wp-json\/wp\/v2\/posts\/245\/revisions\/2105"}],"wp:featuredmedia":[{"embeddable":true,"href":"https:\/\/semmelweis.hu\/mental\/wp-json\/wp\/v2\/media\/484"}],"wp:attachment":[{"href":"https:\/\/semmelweis.hu\/mental\/wp-json\/wp\/v2\/media?parent=245"}],"wp:term":[{"taxonomy":"category","embeddable":true,"href":"https:\/\/semmelweis.hu\/mental\/wp-json\/wp\/v2\/categories?post=245"},{"taxonomy":"post_tag","embeddable":true,"href":"https:\/\/semmelweis.hu\/mental\/wp-json\/wp\/v2\/tags?post=245"}],"curies":[{"name":"wp","href":"https:\/\/api.w.org\/{rel}","templated":true}]}}