{"id":243,"date":"2018-06-08T00:00:00","date_gmt":"2018-06-07T22:00:00","guid":{"rendered":"http:\/\/semmelweis.hu\/mental\/715-csalad-es-karrier2\/"},"modified":"2018-06-18T12:31:14","modified_gmt":"2018-06-18T10:31:14","slug":"csalad-es-karrier2","status":"publish","type":"post","link":"https:\/\/semmelweis.hu\/mental\/2018\/06\/08\/csalad-es-karrier2\/","title":{"rendered":"CSAL\u00c1D \u00c9S KARRIER?"},"content":{"rendered":"<p>Kozma-V\u00edzkeleti D\u00e1niel el\u0151ad\u00e1sa, valamint\u00a0F\u00e1bi\u00e1n M\u00f3nika, Herner Dorka \u00e9s\u00a0Kozma-V\u00edzkeleti D\u00e1niel besz\u00e9lget\u00e9se a p\u00e1rv\u00e1laszt\u00e1sr\u00f3l.<br \/>\nHelysz\u00edn: Nagyv\u00e1rad t\u00e9ri Elm\u00e9leti T\u00f6mb, Budapest Nagyv\u00e1rad t\u00e9r 4.<br \/>\n<strong>2016. \u00e1prilis 11<\/strong>-\u00e9n,\u00a018:00<\/p>\n<p>Program:<br \/>\n18:00 Kozma-V\u00edzkeleti D\u00e1niel<br \/>\nV\u00e1laszt\u00e1s-e a p\u00e1rv\u00e1laszt\u00e1s?<\/p>\n<p>19:30 F\u00e1bi\u00e1n M\u00f3nika \u2013 Herner Dorka \u2013<br \/>\nKozma-V\u00edzkeleti D\u00e1niel<br \/>\nBesz\u00e9lget\u00e9s a p\u00e1rv\u00e1laszt\u00e1sr\u00f3l<\/p>\n<p>R\u00e9szletek:<br \/>\n<a href=\"https:\/\/semmelweis.hu\/hirek\/events\/2230\/csalad-es-karrier-eloadas-sorozat\/\">https:\/\/semmelweis.hu\/hirek\/events\/2230\/csalad-es-karrier-eloadas-sorozat\/<\/a><br \/>\n<a href=\"http:\/\/www.haromkiralyfi.hu\" rel=\"noopener\" target=\"_blank\">www.haromkiralyfi.hu<\/a><\/p>\n","protected":false},"excerpt":{"rendered":"<p>Kozma-V\u00edzkeleti D\u00e1niel el\u0151ad\u00e1sa, valamint\u00a0F\u00e1bi\u00e1n M\u00f3nika, Herner Dorka \u00e9s\u00a0Kozma-V\u00edzkeleti D\u00e1niel besz\u00e9lget\u00e9se a p\u00e1rv\u00e1laszt\u00e1sr\u00f3l.<br \/>\nHelysz\u00edn: Nagyv\u00e1rad t\u00e9ri Elm\u00e9leti T\u00f6mb, Budapest Nagyv\u00e1rad t\u00e9r 4.<br \/>\n2016. \u00e1prilis 11-\u00e9n,\u00a018:00<br \/>\nProgram:<br \/>\n18:00 Kozma-V\u00edzkeleti D\u00e1niel<br \/>\nV\u00e1laszt\u00e1s-e a p\u00e1rv\u00e1laszt\u00e1s?<br \/>\n19:30 F\u00e1bi\u00e1n M\u00f3nika \u2013 Herner Dorka \u2013<br \/>\nKozma-V\u00edzkeleti D\u00e1niel<br \/>\nBesz\u00e9lget\u00e9s a p\u00e1rv\u00e1laszt\u00e1sr\u00f3l<br \/>\nR\u00e9szletek:<br \/>\n<a href=\"https:\/\/semmelweis.hu\/hirek\/events\/2230\/csalad-es-karrier-eloadas-sorozat\/\">https:\/\/semmelweis.hu\/hirek\/events\/2230\/csalad-es-karrier-eloadas-sorozat\/<\/a><br \/>\n<a href=\"http:\/\/www.haromkiralyfi.hu\" rel=\"noopener\" target=\"_blank\">www.haromkiralyfi.hu<\/a><\/p>\n","protected":false},"author":101265,"featured_media":465,"comment_status":"closed","ping_status":"closed","sticky":false,"template":"","format":"standard","meta":{"_acf_changed":false,"footnotes":""},"categories":[1],"tags":[],"class_list":["post-243","post","type-post","status-publish","format-standard","has-post-thumbnail","hentry","category-hirek"],"acf":[],"_links":{"self":[{"href":"https:\/\/semmelweis.hu\/mental\/wp-json\/wp\/v2\/posts\/243","targetHints":{"allow":["GET"]}}],"collection":[{"href":"https:\/\/semmelweis.hu\/mental\/wp-json\/wp\/v2\/posts"}],"about":[{"href":"https:\/\/semmelweis.hu\/mental\/wp-json\/wp\/v2\/types\/post"}],"author":[{"embeddable":true,"href":"https:\/\/semmelweis.hu\/mental\/wp-json\/wp\/v2\/users\/101265"}],"replies":[{"embeddable":true,"href":"https:\/\/semmelweis.hu\/mental\/wp-json\/wp\/v2\/comments?post=243"}],"version-history":[{"count":3,"href":"https:\/\/semmelweis.hu\/mental\/wp-json\/wp\/v2\/posts\/243\/revisions"}],"predecessor-version":[{"id":2101,"href":"https:\/\/semmelweis.hu\/mental\/wp-json\/wp\/v2\/posts\/243\/revisions\/2101"}],"wp:featuredmedia":[{"embeddable":true,"href":"https:\/\/semmelweis.hu\/mental\/wp-json\/wp\/v2\/media\/465"}],"wp:attachment":[{"href":"https:\/\/semmelweis.hu\/mental\/wp-json\/wp\/v2\/media?parent=243"}],"wp:term":[{"taxonomy":"category","embeddable":true,"href":"https:\/\/semmelweis.hu\/mental\/wp-json\/wp\/v2\/categories?post=243"},{"taxonomy":"post_tag","embeddable":true,"href":"https:\/\/semmelweis.hu\/mental\/wp-json\/wp\/v2\/tags?post=243"}],"curies":[{"name":"wp","href":"https:\/\/api.w.org\/{rel}","templated":true}]}}