{"id":242,"date":"2018-06-08T00:00:00","date_gmt":"2018-06-07T22:00:00","guid":{"rendered":"http:\/\/semmelweis.hu\/mental\/705-tudomanyos-kave-a-penz-zsonglorei\/"},"modified":"2018-06-18T12:29:24","modified_gmt":"2018-06-18T10:29:24","slug":"tudomanyos-kave-a-penz-zsonglorei","status":"publish","type":"post","link":"https:\/\/semmelweis.hu\/mental\/2018\/06\/08\/tudomanyos-kave-a-penz-zsonglorei\/","title":{"rendered":"TUDOM\u00c1NYOS K\u00c1V\u00c9 &#8211; &#8222;A P\u00c9NZ ZSONGL\u0150REI&#8221;"},"content":{"rendered":"<p>A Tudom\u00e1nyos KV k\u00f6vetkez\u0151 alkalma\u00a0<strong>2016. \u00e1prilis 20-<\/strong>\u00e1n 8,30-10,00 NET Fsz. 81-ben lesz. Gosztonyi M\u00e1rton el\u0151ad\u00e1s\u00e1nak c\u00edme\u00a0<em>A p\u00e9nz zsongl\u0151rei \u2013 Egy r\u00e9szv\u00e9teli akci\u00f3kutat\u00e1s t\u00f6rt\u00e9nete egy h\u00e1tr\u00e1nyos helyzet\u0171 faluban.<\/em><\/p>\n<div style=\"text-align: justify;\">Az el\u0151ad\u00e1s annak a t\u00f6bb, \u00a0mint m\u00e1sf\u00e9l \u00e9ves R\u00e9szv\u00e9teli Akci\u00f3kutat\u00e1snak a folyamat\u00e1t mutatja be, amely sor\u00e1n sikeresen megval\u00f3sult egy RAK kutat\u00e1s, egy h\u00e1tr\u00e1nyos helyzet\u0171 borsodi kistelep\u00fcl\u00e9sen. Az el\u0151ad\u00e1s felt\u00e1rja \u00e9s elemzi azokat a l\u00e9p\u00e9seket, melyek sor\u00e1n a csoportform\u00e1l\u00e1st\u00f3l, a m\u00f3dszertani k\u00e9rd\u00e9sek eld\u00f6nt\u00e9s\u00e9n kereszt\u00fcl eljutottak a saj\u00e1t m\u00f3dszertan kidolgoz\u00e1s\u00e1hoz, az adatok felv\u00e9tel\u00e9hez, elemz\u00e9s\u00e9hez valamint az adatokra \u00e9p\u00fcl\u0151 helyi akci\u00f3 megtervez\u00e9s\u00e9hez \u00e9s beind\u00edt\u00e1s\u00e1hoz.<\/div>\n<div style=\"text-align: justify;\">Az el\u0151ad\u00e1s, a k\u00f6vetkez\u0151 k\u00e9rd\u00e9s\u00e9kre k\u00edv\u00e1n v\u00e1laszt adni. Mi is az a r\u00e9szv\u00e9teli akci\u00f3kutat\u00e1s \u00e9s hogyan viszonyul a f\u0151\u00e1ram\u00fa kutat\u00e1sok megismer\u00e9seihez? Hogyan \u00e9s milyen l\u00e9p\u00e9seken kereszt\u00fcl lehet fel\u00e9p\u00edteni \u00e9s v\u00e9gigvinni egy r\u00e9szv\u00e9teli akci\u00f3kutat\u00e1st? Milyen eredm\u00e9nyek sz\u00fclethetnek egy RAK csoportmunk\u00e1b\u00f3l?<\/div>\n<div style=\"text-align: justify;\">A k\u00f6vetkez\u0151 Tudom\u00e1nyos KV alkalm\u00e1val (2016. m\u00e1rcius 16-\u00e1n, 8.30-10.00, NETFsz. 81.) megh\u00edvott el\u0151ad\u00f3nk Gosztonyi M\u00e1rton lesz. El\u0151ad\u00e1s\u00e1nak c\u00edme: A p\u00e9nz zsongl\u0151rei \u2013 Egy r\u00e9szv\u00e9teli akci\u00f3kutat\u00e1s t\u00f6rt\u00e9nete egy h\u00e1tr\u00e1nyos helyzet\u0171 faluban<br \/>\nAz el\u0151ad\u00e1s annak a t\u00f6bb, \u00a0mint m\u00e1sf\u00e9l \u00e9ves R\u00e9szv\u00e9teli Akci\u00f3kutat\u00e1snak a folyamat\u00e1t mutatja be, amely sor\u00e1n sikeresen megval\u00f3sult egy RAK kutat\u00e1s, egy h\u00e1tr\u00e1nyos helyzet\u0171 borsodi kistelep\u00fcl\u00e9sen. Az el\u0151ad\u00e1s felt\u00e1rja \u00e9s elemzi azokat a l\u00e9p\u00e9seket, melyek sor\u00e1n a csoportform\u00e1l\u00e1st\u00f3l, a m\u00f3dszertani k\u00e9rd\u00e9sek eld\u00f6nt\u00e9s\u00e9n kereszt\u00fcl eljutottak a saj\u00e1t m\u00f3dszertan kidolgoz\u00e1s\u00e1hoz, az adatok felv\u00e9tel\u00e9hez, elemz\u00e9s\u00e9hez valamint az adatokra \u00e9p\u00fcl\u0151 helyi akci\u00f3 megtervez\u00e9s\u00e9hez \u00e9s beind\u00edt\u00e1s\u00e1hoz.<br \/>\nAz el\u0151ad\u00e1s, a k\u00f6vetkez\u0151 k\u00e9rd\u00e9s\u00e9kre k\u00edv\u00e1n v\u00e1laszt adni. Mi is az a r\u00e9szv\u00e9teli akci\u00f3kutat\u00e1s \u00e9s hogyan viszonyul a f\u0151\u00e1ram\u00fa kutat\u00e1sok megismer\u00e9seihez? Hogyan \u00e9s milyen l\u00e9p\u00e9seken kereszt\u00fcl lehet fel\u00e9p\u00edteni \u00e9s v\u00e9gigvinni egy r\u00e9szv\u00e9teli akci\u00f3kutat\u00e1st? Milyen eredm\u00e9nyek sz\u00fclethetnek egy RAK csoportmunk\u00e1b\u00f3l?<\/div>\n","protected":false},"excerpt":{"rendered":"<p>A Tudom\u00e1nyos KV k\u00f6vetkez\u0151 alkalma\u00a02016. \u00e1prilis 20-\u00e1n 8,30-10,00 NET Fsz. 81-ben lesz. Gosztonyi M\u00e1rton el\u0151ad\u00e1s\u00e1nak c\u00edme\u00a0A p\u00e9nz zsongl\u0151rei \u2013 Egy r\u00e9szv\u00e9teli akci\u00f3kutat\u00e1s t\u00f6rt\u00e9nete egy h\u00e1tr\u00e1nyos helyzet\u0171 faluban. Az el\u0151ad\u00e1s annak a t\u00f6bb, \u00a0mint m\u00e1sf\u00e9l \u00e9ves R\u00e9szv\u00e9teli Akci\u00f3kutat\u00e1snak a folyamat\u00e1t mutatja be, amely sor\u00e1n sikeresen megval\u00f3sult egy RAK kutat\u00e1s, egy h\u00e1tr\u00e1nyos helyzet\u0171 borsodi kistelep\u00fcl\u00e9sen. Az el\u0151ad\u00e1s &hellip;<\/p>\n","protected":false},"author":101265,"featured_media":489,"comment_status":"closed","ping_status":"closed","sticky":false,"template":"","format":"standard","meta":{"_acf_changed":false,"footnotes":""},"categories":[1],"tags":[],"class_list":["post-242","post","type-post","status-publish","format-standard","has-post-thumbnail","hentry","category-hirek"],"acf":[],"_links":{"self":[{"href":"https:\/\/semmelweis.hu\/mental\/wp-json\/wp\/v2\/posts\/242","targetHints":{"allow":["GET"]}}],"collection":[{"href":"https:\/\/semmelweis.hu\/mental\/wp-json\/wp\/v2\/posts"}],"about":[{"href":"https:\/\/semmelweis.hu\/mental\/wp-json\/wp\/v2\/types\/post"}],"author":[{"embeddable":true,"href":"https:\/\/semmelweis.hu\/mental\/wp-json\/wp\/v2\/users\/101265"}],"replies":[{"embeddable":true,"href":"https:\/\/semmelweis.hu\/mental\/wp-json\/wp\/v2\/comments?post=242"}],"version-history":[{"count":2,"href":"https:\/\/semmelweis.hu\/mental\/wp-json\/wp\/v2\/posts\/242\/revisions"}],"predecessor-version":[{"id":2099,"href":"https:\/\/semmelweis.hu\/mental\/wp-json\/wp\/v2\/posts\/242\/revisions\/2099"}],"wp:featuredmedia":[{"embeddable":true,"href":"https:\/\/semmelweis.hu\/mental\/wp-json\/wp\/v2\/media\/489"}],"wp:attachment":[{"href":"https:\/\/semmelweis.hu\/mental\/wp-json\/wp\/v2\/media?parent=242"}],"wp:term":[{"taxonomy":"category","embeddable":true,"href":"https:\/\/semmelweis.hu\/mental\/wp-json\/wp\/v2\/categories?post=242"},{"taxonomy":"post_tag","embeddable":true,"href":"https:\/\/semmelweis.hu\/mental\/wp-json\/wp\/v2\/tags?post=242"}],"curies":[{"name":"wp","href":"https:\/\/api.w.org\/{rel}","templated":true}]}}