{"id":241,"date":"2018-06-08T00:00:00","date_gmt":"2018-06-07T22:00:00","guid":{"rendered":"http:\/\/semmelweis.hu\/mental\/722-csalad-es-karrier-david-bea-es-pal-feri\/"},"modified":"2018-06-18T12:27:56","modified_gmt":"2018-06-18T10:27:56","slug":"csalad-es-karrier-david-bea-es-pal-feri","status":"publish","type":"post","link":"https:\/\/semmelweis.hu\/mental\/2018\/06\/08\/csalad-es-karrier-david-bea-es-pal-feri\/","title":{"rendered":"CSAL\u00c1D \u00c9S KARRIER? D\u00c1VID BEA \u00c9S P\u00c1L FERI"},"content":{"rendered":"<p>&#8222;Csal\u00e1d \u00e9s Karrier?&#8221; c\u00edmmel el\u0151ad\u00e1sok, besz\u00e9lget\u00e9sek p\u00e1rkapcsolati k\u00e9rd\u00e9sekr\u0151l.<\/p>\n<p>K\u00f6vetkez\u0151 alkalom: <strong><span style=\"color: #ff0000;\">2016. m\u00e1jus 06-\u00e1n (kiv\u00e9telesen p\u00e9nteken) 18,00-kor<\/span><\/strong><\/p>\n<p>18:00 D\u00e1vid Be\u00e1ta:<br \/>\nSzem\u00e9lyes biztons\u00e1g \u00e9s gyermekv\u00e1llal\u00e1s &#8211; k\u00e9tgener\u00e1ci\u00f3s csal\u00e1dt\u00f6rt\u00e9netek nyom\u00e1n<\/p>\n<p>19:30 P\u00e1l Ferenc:<br \/>\nEgyens\u00faly \u00e9s el\u00e9gedetts\u00e9g a t\u00e1rskapcsolatban<\/p>\n<p>Kedvezm\u00e9nyes regisztr\u00e1ci\u00f3: \u00e1prilis 30-ig!<br \/>\n<a href=\"https:\/\/docs.google.com\/forms\/d\/17bxuKZpOhK6QU41GOv9dRE8wvaY-SmxUM-8WPOtIfuA\/viewform\">https:\/\/docs.google.com\/forms\/d\/17bxuKZpOhK6QU41GOv9dRE8wvaY-SmxUM-8WPOtIfuA\/viewform<\/a><\/p>\n<p>Helye: Semmelweis Egyetem, Budapest 1089, Nagyv\u00e1rad t\u00e9r 4.<br \/>\nV\u00e1rjuk szeretettel!<\/p>\n<p>Jegy\u00e1rak:<br \/>\n&#8211; M\u00e1jus 06. el\u0151v\u00e9tel &#8211; 2500Ft\/f\u0151<br \/>\n&#8211; Di\u00e1kok r\u00e9sz\u00e9re m\u00e1jus 06. el\u0151v\u00e9tel &#8211; 1000Ft\/f\u0151<\/p>\n","protected":false},"excerpt":{"rendered":"<p>&#8222;Csal\u00e1d \u00e9s Karrier?&#8221; c\u00edmmel el\u0151ad\u00e1sok, besz\u00e9lget\u00e9sek p\u00e1rkapcsolati k\u00e9rd\u00e9sekr\u0151l. K\u00f6vetkez\u0151 alkalom: 2016. m\u00e1jus 06-\u00e1n (kiv\u00e9telesen p\u00e9nteken) 18,00-kor 18:00 D\u00e1vid Be\u00e1ta: Szem\u00e9lyes biztons\u00e1g \u00e9s gyermekv\u00e1llal\u00e1s &#8211; k\u00e9tgener\u00e1ci\u00f3s csal\u00e1dt\u00f6rt\u00e9netek nyom\u00e1n 19:30 P\u00e1l Ferenc: Egyens\u00faly \u00e9s el\u00e9gedetts\u00e9g a t\u00e1rskapcsolatban Kedvezm\u00e9nyes regisztr\u00e1ci\u00f3: \u00e1prilis 30-ig! <a href=\"https:\/\/docs.google.com\/forms\/d\/17bxuKZpOhK6QU41GOv9dRE8wvaY-SmxUM-8WPOtIfuA\/viewform\">https:\/\/docs.google.com\/forms\/d\/17bxuKZpOhK6QU41GOv9dRE8wvaY-SmxUM-8WPOtIfuA\/viewform<\/a> Helye: Semmelweis Egyetem, Budapest 1089, Nagyv\u00e1rad t\u00e9r 4. V\u00e1rjuk szeretettel! Jegy\u00e1rak: &#8211; M\u00e1jus 06. el\u0151v\u00e9tel &#8211; &hellip;<\/p>\n","protected":false},"author":101265,"featured_media":419,"comment_status":"closed","ping_status":"closed","sticky":false,"template":"","format":"standard","meta":{"_acf_changed":false,"footnotes":""},"categories":[1],"tags":[],"class_list":["post-241","post","type-post","status-publish","format-standard","has-post-thumbnail","hentry","category-hirek"],"acf":[],"_links":{"self":[{"href":"https:\/\/semmelweis.hu\/mental\/wp-json\/wp\/v2\/posts\/241","targetHints":{"allow":["GET"]}}],"collection":[{"href":"https:\/\/semmelweis.hu\/mental\/wp-json\/wp\/v2\/posts"}],"about":[{"href":"https:\/\/semmelweis.hu\/mental\/wp-json\/wp\/v2\/types\/post"}],"author":[{"embeddable":true,"href":"https:\/\/semmelweis.hu\/mental\/wp-json\/wp\/v2\/users\/101265"}],"replies":[{"embeddable":true,"href":"https:\/\/semmelweis.hu\/mental\/wp-json\/wp\/v2\/comments?post=241"}],"version-history":[{"count":4,"href":"https:\/\/semmelweis.hu\/mental\/wp-json\/wp\/v2\/posts\/241\/revisions"}],"predecessor-version":[{"id":2098,"href":"https:\/\/semmelweis.hu\/mental\/wp-json\/wp\/v2\/posts\/241\/revisions\/2098"}],"wp:featuredmedia":[{"embeddable":true,"href":"https:\/\/semmelweis.hu\/mental\/wp-json\/wp\/v2\/media\/419"}],"wp:attachment":[{"href":"https:\/\/semmelweis.hu\/mental\/wp-json\/wp\/v2\/media?parent=241"}],"wp:term":[{"taxonomy":"category","embeddable":true,"href":"https:\/\/semmelweis.hu\/mental\/wp-json\/wp\/v2\/categories?post=241"},{"taxonomy":"post_tag","embeddable":true,"href":"https:\/\/semmelweis.hu\/mental\/wp-json\/wp\/v2\/tags?post=241"}],"curies":[{"name":"wp","href":"https:\/\/api.w.org\/{rel}","templated":true}]}}