{"id":232,"date":"2018-06-08T00:00:00","date_gmt":"2018-06-07T22:00:00","guid":{"rendered":"http:\/\/semmelweis.hu\/mental\/720-phd-tudomanyos-napok-2016-kivalosagaink\/"},"modified":"2018-06-18T12:12:26","modified_gmt":"2018-06-18T10:12:26","slug":"phd-tudomanyos-napok-2016-kivalosagaink","status":"publish","type":"post","link":"https:\/\/semmelweis.hu\/mental\/2018\/06\/08\/phd-tudomanyos-napok-2016-kivalosagaink\/","title":{"rendered":"PHD TUDOM\u00c1NYOS NAPOK 2016: KIV\u00c1L\u00d3S\u00c1GAINK"},"content":{"rendered":"<p>A Semmelweis Egyetem \u00e1ltal rendezett PhD Tudom\u00e1nyos Napokon k\u00e9t hallgat\u00f3nk is kiemelked\u0151 teljes\u00edtm\u00e9nyt ny\u00fajtott. M\u00fajdricza Ferenc &#8222;K\u00fcl\u00f6nd\u00edj a st\u00edlus\u00e9rt&#8221; jutalomban \u00e9s dics\u00e9retben r\u00e9szes\u00fclt,\u00a0W. Ungv\u00e1ry Ren\u00e1ta pedig poszter\u00e9vel t\u0171nt ki a mez\u0151nyb\u0151l.<\/p>\n<p>Minden r\u00e9sztvev\u0151nek gratul\u00e1lunk!<\/p>\n<p>Az oklev\u00e9l megtekinthet\u0151 <a href=\"https:\/\/semmelweis.hu\/mental\/files\/2018\/06\/phd_kulondij_MF.jpg\" target=\"_blank\" rel=\"noopener\">itt<\/a> \u00e9s a poszter let\u00f6lthet\u0151 <a href=\"https:\/\/semmelweis.hu\/mental\/files\/2018\/06\/phd_poszter_cumis.pdf\" target=\"_blank\" rel=\"noopener\">inn\u00e9t<\/a>.<\/p>\n<p>Tov\u00e1bbi r\u00e9szletek:<\/p>\n<p><a href=\"https:\/\/semmelweis.hu\/hirek\/2016\/04\/10\/phd-tudomanyos-napok-masfelszer-tobb-eloadas-es-poszter\/\">https:\/\/semmelweis.hu\/hirek\/2016\/04\/10\/phd-tudomanyos-napok-masfelszer-tobb-eloadas-es-poszter\/<\/a><\/p>\n","protected":false},"excerpt":{"rendered":"<p>A Semmelweis Egyetem \u00e1ltal rendezett PhD Tudom\u00e1nyos Napokon k\u00e9t hallgat\u00f3nk is kiemelked\u0151 teljes\u00edtm\u00e9nyt ny\u00fajtott. M\u00fajdricza Ferenc &#8222;K\u00fcl\u00f6nd\u00edj a st\u00edlus\u00e9rt&#8221; jutalomban \u00e9s dics\u00e9retben r\u00e9szes\u00fclt,\u00a0W. Ungv\u00e1ry Ren\u00e1ta pedig poszter\u00e9vel t\u0171nt ki a mez\u0151nyb\u0151l.<br \/>\nMinden r\u00e9sztvev\u0151nek gratul\u00e1lunk!<br \/>\nAz oklev\u00e9l megtekinthet\u0151 <a href=\"https:\/\/semmelweis.hu\/mental\/files\/2018\/06\/phd_kulondij_MF.jpg\" target=\"_blank\" rel=\"noopener\">itt<\/a> \u00e9s a poszter let\u00f6lthet\u0151 <a href=\"https:\/\/semmelweis.hu\/mental\/files\/2018\/06\/phd_poszter_cumis.pdf\" target=\"_blank\" rel=\"noopener\">inn\u00e9t<\/a>.<br \/>\nTov\u00e1bbi r\u00e9szletek:<br \/>\n<a href=\"https:\/\/semmelweis.hu\/hirek\/2016\/04\/10\/phd-tudomanyos-napok-masfelszer-tobb-eloadas-es-poszter\/\">https:\/\/semmelweis.hu\/hirek\/2016\/04\/10\/phd-tudomanyos-napok-masfelszer-tobb-eloadas-es-poszter\/<\/a><\/p>\n","protected":false},"author":101265,"featured_media":553,"comment_status":"closed","ping_status":"closed","sticky":false,"template":"","format":"standard","meta":{"_acf_changed":false,"footnotes":""},"categories":[1],"tags":[],"class_list":["post-232","post","type-post","status-publish","format-standard","has-post-thumbnail","hentry","category-hirek"],"acf":[],"_links":{"self":[{"href":"https:\/\/semmelweis.hu\/mental\/wp-json\/wp\/v2\/posts\/232","targetHints":{"allow":["GET"]}}],"collection":[{"href":"https:\/\/semmelweis.hu\/mental\/wp-json\/wp\/v2\/posts"}],"about":[{"href":"https:\/\/semmelweis.hu\/mental\/wp-json\/wp\/v2\/types\/post"}],"author":[{"embeddable":true,"href":"https:\/\/semmelweis.hu\/mental\/wp-json\/wp\/v2\/users\/101265"}],"replies":[{"embeddable":true,"href":"https:\/\/semmelweis.hu\/mental\/wp-json\/wp\/v2\/comments?post=232"}],"version-history":[{"count":5,"href":"https:\/\/semmelweis.hu\/mental\/wp-json\/wp\/v2\/posts\/232\/revisions"}],"predecessor-version":[{"id":2093,"href":"https:\/\/semmelweis.hu\/mental\/wp-json\/wp\/v2\/posts\/232\/revisions\/2093"}],"wp:featuredmedia":[{"embeddable":true,"href":"https:\/\/semmelweis.hu\/mental\/wp-json\/wp\/v2\/media\/553"}],"wp:attachment":[{"href":"https:\/\/semmelweis.hu\/mental\/wp-json\/wp\/v2\/media?parent=232"}],"wp:term":[{"taxonomy":"category","embeddable":true,"href":"https:\/\/semmelweis.hu\/mental\/wp-json\/wp\/v2\/categories?post=232"},{"taxonomy":"post_tag","embeddable":true,"href":"https:\/\/semmelweis.hu\/mental\/wp-json\/wp\/v2\/tags?post=232"}],"curies":[{"name":"wp","href":"https:\/\/api.w.org\/{rel}","templated":true}]}}