{"id":231,"date":"2018-06-18T11:30:16","date_gmt":"2018-06-18T09:30:16","guid":{"rendered":"http:\/\/semmelweis.hu\/mental\/?page_id=231"},"modified":"2018-06-18T11:32:53","modified_gmt":"2018-06-18T09:32:53","slug":"munkatarsat-keresunk-2","status":"publish","type":"post","link":"https:\/\/semmelweis.hu\/mental\/2018\/06\/18\/munkatarsat-keresunk-2\/","title":{"rendered":"MUNKAT\u00c1RSAKAT KERES\u00dcNK"},"content":{"rendered":"<p>Tanulm\u00e1nyi \u00fcgyint\u00e9z\u0151 \u00e9s tanulm\u00e1nyi adminisztr\u00e1tor \u00e1ll\u00e1sra munkat\u00e1rsakat keres\u00fcnk. A p\u00e1ly\u00e1zatok beny\u00fajt\u00e1s\u00e1nak hat\u00e1rideje: <strong><span style=\"color: #ff0000;\">2016. szeptember 6.<\/span><\/strong><\/p>\n<p>R\u00e9szletek:<\/p>\n<div>\n<div><a href=\"https:\/\/semmelweis.hu\/mental\/files\/2018\/06\/08_22_admin.pdf\" target=\"_blank\" rel=\"noopener\">https:\/\/semmelweis.hu\/human\/files\/2016\/08\/08_22_admin.pdf<\/a><\/div>\n<div><a href=\"https:\/\/semmelweis.hu\/mental\/files\/2018\/06\/08_22_tanu.pdf\" target=\"_blank\" rel=\"noopener\">https:\/\/semmelweis.hu\/human\/files\/2016\/08\/08_22_tanu.pdf<\/a><\/div>\n<\/div>\n","protected":false},"excerpt":{"rendered":"<p>Tanulm\u00e1nyi \u00fcgyint\u00e9z\u0151 \u00e9s tanulm\u00e1nyi adminisztr\u00e1tor \u00e1ll\u00e1sra munkat\u00e1rsakat keres\u00fcnk. A p\u00e1ly\u00e1zatok beny\u00fajt\u00e1s\u00e1nak hat\u00e1rideje: 2016. szeptember 6.<br \/>\nR\u00e9szletek:<\/p>\n<p><a href=\"https:\/\/semmelweis.hu\/mental\/files\/2018\/06\/08_22_admin.pdf\" target=\"_blank\" rel=\"noopener\">https:\/\/semmelweis.hu\/human\/files\/2016\/08\/08_22_admin.pdf<\/a><br \/>\n<a href=\"https:\/\/semmelweis.hu\/mental\/files\/2018\/06\/08_22_tanu.pdf\" target=\"_blank\" rel=\"noopener\">https:\/\/semmelweis.hu\/human\/files\/2016\/08\/08_22_tanu.pdf<\/a><\/p>\n","protected":false},"author":101265,"featured_media":541,"comment_status":"closed","ping_status":"closed","sticky":false,"template":"","format":"standard","meta":{"_acf_changed":false,"footnotes":""},"categories":[1],"tags":[],"class_list":["post-231","post","type-post","status-publish","format-standard","has-post-thumbnail","hentry","category-hirek"],"acf":[],"_links":{"self":[{"href":"https:\/\/semmelweis.hu\/mental\/wp-json\/wp\/v2\/posts\/231","targetHints":{"allow":["GET"]}}],"collection":[{"href":"https:\/\/semmelweis.hu\/mental\/wp-json\/wp\/v2\/posts"}],"about":[{"href":"https:\/\/semmelweis.hu\/mental\/wp-json\/wp\/v2\/types\/post"}],"author":[{"embeddable":true,"href":"https:\/\/semmelweis.hu\/mental\/wp-json\/wp\/v2\/users\/101265"}],"replies":[{"embeddable":true,"href":"https:\/\/semmelweis.hu\/mental\/wp-json\/wp\/v2\/comments?post=231"}],"version-history":[{"count":5,"href":"https:\/\/semmelweis.hu\/mental\/wp-json\/wp\/v2\/posts\/231\/revisions"}],"predecessor-version":[{"id":2072,"href":"https:\/\/semmelweis.hu\/mental\/wp-json\/wp\/v2\/posts\/231\/revisions\/2072"}],"wp:featuredmedia":[{"embeddable":true,"href":"https:\/\/semmelweis.hu\/mental\/wp-json\/wp\/v2\/media\/541"}],"wp:attachment":[{"href":"https:\/\/semmelweis.hu\/mental\/wp-json\/wp\/v2\/media?parent=231"}],"wp:term":[{"taxonomy":"category","embeddable":true,"href":"https:\/\/semmelweis.hu\/mental\/wp-json\/wp\/v2\/categories?post=231"},{"taxonomy":"post_tag","embeddable":true,"href":"https:\/\/semmelweis.hu\/mental\/wp-json\/wp\/v2\/tags?post=231"}],"curies":[{"name":"wp","href":"https:\/\/api.w.org\/{rel}","templated":true}]}}