{"id":230,"date":"2018-06-08T00:00:00","date_gmt":"2018-06-07T22:00:00","guid":{"rendered":"http:\/\/semmelweis.hu\/mental\/723-doktori-felveteli-elokeszito\/"},"modified":"2018-06-18T11:56:13","modified_gmt":"2018-06-18T09:56:13","slug":"doktori-felveteli-elokeszito","status":"publish","type":"post","link":"https:\/\/semmelweis.hu\/mental\/2018\/06\/08\/doktori-felveteli-elokeszito\/","title":{"rendered":"DOKTORI FELV\u00c9TELI EL\u0150K\u00c9SZ\u00cdT\u0150"},"content":{"rendered":"<p>A SE Doktori Iskola 4\/3. (szociol\u00f3gia) programja felv\u00e9teli el\u0151k\u00e9sz\u00edt\u0151 m\u0171helyt hirdet azok sz\u00e1m\u00e1ra, akik 2016. m\u00e1jus 20-ig be szeretn\u00e9k ny\u00fajtani jelentkez\u00e9s\u00fcket.<br \/>\nEzen a m\u0171helyen a jelentkez\u0151knek lehet\u0151s\u00e9g\u00fck lesz visszajelz\u00e9st kapni a kutat\u00e1si terv\u00fckr\u0151l, \u00e9s javaslatokat kaphatnak az \u201eutols\u00f3 sim\u00edt\u00e1sokhoz\u201d.<br \/>\nA M\u0171hely id\u0151pontja: 2016.05.10., 14:00-t\u00f3l kb. 16:00-ig. Helysz\u00edne: 1089 Nagyv\u00e1rad t\u00e9r 4., SE Elm\u00e9leti T\u00f6mb, a Fszt. 81-es terem.<\/p>\n<p>N\u00e9h\u00e1ny megjegyz\u00e9s: A M\u0171helyen val\u00f3r\u00e9szv\u00e9tel fakultat\u00edv, nem felt\u00e9tele a felv\u00e9telinek! Nem helyettes\u00edti tov\u00e1bb\u00e1 a v\u00e1lasztott t\u00e9mavezet\u0151vel val\u00f3 konzult\u00e1ci\u00f3t sem.<\/p>\n<p>Azok, akik a M\u0171helyen r\u00e9szt szeretn\u00e9nek venni, jelezz\u00e9k e-mailben <a href=\"mailto:info.mental@public.semmelweis-univ.hu\">info.mental@public.semmelweis-univ.hu<\/a> min\u00e9l el\u0151bb. Tov\u00e1bb\u00e1 h\u00e9tf\u0151n, 9-\u00e9n d\u00e9lig k\u00fcldj\u00e9k el e-mailen kutat\u00e1si terv\u00fck aktu\u00e1lis (munkak\u00f6zi) v\u00e1ltozat\u00e1t \u00e9s CV-j\u00fcket is. (Ezek n\u00e9lk\u00fcl a dokumentumok n\u00e9lk\u00fcl ezen a felk\u00e9sz\u00edt\u0151 m\u0171helyen nem \u00e9rdemes r\u00e9szt venni.)<\/p>\n","protected":false},"excerpt":{"rendered":"<p>A SE Doktori Iskola 4\/3. (szociol\u00f3gia) programja felv\u00e9teli el\u0151k\u00e9sz\u00edt\u0151 m\u0171helyt hirdet azok sz\u00e1m\u00e1ra, akik 2016. m\u00e1jus 20-ig be szeretn\u00e9k ny\u00fajtani jelentkez\u00e9s\u00fcket. Ezen a m\u0171helyen a jelentkez\u0151knek lehet\u0151s\u00e9g\u00fck lesz visszajelz\u00e9st kapni a kutat\u00e1si terv\u00fckr\u0151l, \u00e9s javaslatokat kaphatnak az \u201eutols\u00f3 sim\u00edt\u00e1sokhoz\u201d. A M\u0171hely id\u0151pontja: 2016.05.10., 14:00-t\u00f3l kb. 16:00-ig. Helysz\u00edne: 1089 Nagyv\u00e1rad t\u00e9r 4., SE Elm\u00e9leti T\u00f6mb, a &hellip;<\/p>\n","protected":false},"author":101265,"featured_media":431,"comment_status":"closed","ping_status":"closed","sticky":false,"template":"","format":"standard","meta":{"_acf_changed":false,"footnotes":""},"categories":[1],"tags":[],"class_list":["post-230","post","type-post","status-publish","format-standard","has-post-thumbnail","hentry","category-hirek"],"acf":[],"_links":{"self":[{"href":"https:\/\/semmelweis.hu\/mental\/wp-json\/wp\/v2\/posts\/230","targetHints":{"allow":["GET"]}}],"collection":[{"href":"https:\/\/semmelweis.hu\/mental\/wp-json\/wp\/v2\/posts"}],"about":[{"href":"https:\/\/semmelweis.hu\/mental\/wp-json\/wp\/v2\/types\/post"}],"author":[{"embeddable":true,"href":"https:\/\/semmelweis.hu\/mental\/wp-json\/wp\/v2\/users\/101265"}],"replies":[{"embeddable":true,"href":"https:\/\/semmelweis.hu\/mental\/wp-json\/wp\/v2\/comments?post=230"}],"version-history":[{"count":3,"href":"https:\/\/semmelweis.hu\/mental\/wp-json\/wp\/v2\/posts\/230\/revisions"}],"predecessor-version":[{"id":2087,"href":"https:\/\/semmelweis.hu\/mental\/wp-json\/wp\/v2\/posts\/230\/revisions\/2087"}],"wp:featuredmedia":[{"embeddable":true,"href":"https:\/\/semmelweis.hu\/mental\/wp-json\/wp\/v2\/media\/431"}],"wp:attachment":[{"href":"https:\/\/semmelweis.hu\/mental\/wp-json\/wp\/v2\/media?parent=230"}],"wp:term":[{"taxonomy":"category","embeddable":true,"href":"https:\/\/semmelweis.hu\/mental\/wp-json\/wp\/v2\/categories?post=230"},{"taxonomy":"post_tag","embeddable":true,"href":"https:\/\/semmelweis.hu\/mental\/wp-json\/wp\/v2\/tags?post=230"}],"curies":[{"name":"wp","href":"https:\/\/api.w.org\/{rel}","templated":true}]}}