{"id":229,"date":"2018-06-08T00:00:00","date_gmt":"2018-06-07T22:00:00","guid":{"rendered":"http:\/\/semmelweis.hu\/mental\/718-megoregedni-ma\/"},"modified":"2018-06-18T11:53:25","modified_gmt":"2018-06-18T09:53:25","slug":"megoregedni-ma","status":"publish","type":"post","link":"https:\/\/semmelweis.hu\/mental\/2018\/06\/08\/megoregedni-ma\/","title":{"rendered":"MEG\u00d6REGEDNI MA&#8230;"},"content":{"rendered":"<p>A KSH N\u00e9pess\u00e9gtudom\u00e1nyi Kutat\u00f3int\u00e9zet, a Magyar Tudom\u00e1nyos Akad\u00e9mia Demogr\u00e1fiai Bizotts\u00e1ga, a Magyar Statisztikai T\u00e1rsas\u00e1g Demogr\u00e1fiai Szakoszt\u00e1lya \u00e9s a P\u00e9csi Tudom\u00e1nyegyetem Demogr\u00e1fiai \u00e9s Szociol\u00f3giai Doktori iskol\u00e1ja konferenci\u00e1t szervez<\/p>\n<p>Meg\u00f6regedni ma\u2026<\/p>\n<p>c\u00edmmel<\/p>\n<p>A konferenci\u00e1ra a k\u00f6vetkez\u0151 t\u00e9mak\u00f6r\u00f6kben v\u00e1rjuk a jelentkez\u00e9seket:<br \/>\n&#8211; A demogr\u00e1fiai \u00f6reged\u00e9s jelens\u00e9ge \u00e9s t\u00e1rsadalmi k\u00f6vetkezm\u00e9nyei<br \/>\n&#8211; \u00d6reged\u00e9s az egy\u00e9ni \u00e9let\u00fatban<br \/>\n&#8211; Nyugd\u00edjbavonul\u00e1s<br \/>\n&#8211; Az id\u0151sek \u00e9letk\u00f6r\u00fclm\u00e9nyei, eg\u00e9szs\u00e9gi \u00e1llapota \u00e9s szubjekt\u00edv j\u00f3l\u00e9te<br \/>\n&#8211; Akt\u00edv id\u0151s\u00f6d\u00e9s<br \/>\n&#8211; Id\u0151sgondoz\u00e1s<\/p>\n<p>A konferencia id\u0151pontja: 2016. j\u00fanius 8.<br \/>\nA konferencia helysz\u00edne: Magyar Tudom\u00e1nyos Akad\u00e9mia<\/p>\n<p>A konferenci\u00e1ra jelentkez\u00e9st r\u00f6vid absztrakttal 2016. \u00e1prilis 29-ig v\u00e1rjuk az <a href=\"mailto:idoskonferencia@demografia.hu\">idoskonferencia@demografia.hu<\/a> e-mail c\u00edmre.<\/p>\n","protected":false},"excerpt":{"rendered":"<p>A KSH N\u00e9pess\u00e9gtudom\u00e1nyi Kutat\u00f3int\u00e9zet, a Magyar Tudom\u00e1nyos Akad\u00e9mia Demogr\u00e1fiai Bizotts\u00e1ga, a Magyar Statisztikai T\u00e1rsas\u00e1g Demogr\u00e1fiai Szakoszt\u00e1lya \u00e9s a P\u00e9csi Tudom\u00e1nyegyetem Demogr\u00e1fiai \u00e9s Szociol\u00f3giai Doktori iskol\u00e1ja konferenci\u00e1t szervez Meg\u00f6regedni ma\u2026 c\u00edmmel A konferenci\u00e1ra a k\u00f6vetkez\u0151 t\u00e9mak\u00f6r\u00f6kben v\u00e1rjuk a jelentkez\u00e9seket: &#8211; A demogr\u00e1fiai \u00f6reged\u00e9s jelens\u00e9ge \u00e9s t\u00e1rsadalmi k\u00f6vetkezm\u00e9nyei &#8211; \u00d6reged\u00e9s az egy\u00e9ni \u00e9let\u00fatban &#8211; Nyugd\u00edjbavonul\u00e1s &#8211; Az &hellip;<\/p>\n","protected":false},"author":101265,"featured_media":471,"comment_status":"closed","ping_status":"closed","sticky":false,"template":"","format":"standard","meta":{"_acf_changed":false,"footnotes":""},"categories":[1],"tags":[],"class_list":["post-229","post","type-post","status-publish","format-standard","has-post-thumbnail","hentry","category-hirek"],"acf":[],"_links":{"self":[{"href":"https:\/\/semmelweis.hu\/mental\/wp-json\/wp\/v2\/posts\/229","targetHints":{"allow":["GET"]}}],"collection":[{"href":"https:\/\/semmelweis.hu\/mental\/wp-json\/wp\/v2\/posts"}],"about":[{"href":"https:\/\/semmelweis.hu\/mental\/wp-json\/wp\/v2\/types\/post"}],"author":[{"embeddable":true,"href":"https:\/\/semmelweis.hu\/mental\/wp-json\/wp\/v2\/users\/101265"}],"replies":[{"embeddable":true,"href":"https:\/\/semmelweis.hu\/mental\/wp-json\/wp\/v2\/comments?post=229"}],"version-history":[{"count":3,"href":"https:\/\/semmelweis.hu\/mental\/wp-json\/wp\/v2\/posts\/229\/revisions"}],"predecessor-version":[{"id":2085,"href":"https:\/\/semmelweis.hu\/mental\/wp-json\/wp\/v2\/posts\/229\/revisions\/2085"}],"wp:featuredmedia":[{"embeddable":true,"href":"https:\/\/semmelweis.hu\/mental\/wp-json\/wp\/v2\/media\/471"}],"wp:attachment":[{"href":"https:\/\/semmelweis.hu\/mental\/wp-json\/wp\/v2\/media?parent=229"}],"wp:term":[{"taxonomy":"category","embeddable":true,"href":"https:\/\/semmelweis.hu\/mental\/wp-json\/wp\/v2\/categories?post=229"},{"taxonomy":"post_tag","embeddable":true,"href":"https:\/\/semmelweis.hu\/mental\/wp-json\/wp\/v2\/tags?post=229"}],"curies":[{"name":"wp","href":"https:\/\/api.w.org\/{rel}","templated":true}]}}