{"id":228,"date":"2018-06-08T00:00:00","date_gmt":"2018-06-07T22:00:00","guid":{"rendered":"http:\/\/semmelweis.hu\/mental\/724-tudomanyos-kave-gyermekvallalas\/"},"modified":"2018-06-18T11:51:27","modified_gmt":"2018-06-18T09:51:27","slug":"tudomanyos-kave-gyermekvallalas","status":"publish","type":"post","link":"https:\/\/semmelweis.hu\/mental\/2018\/06\/08\/tudomanyos-kave-gyermekvallalas\/","title":{"rendered":"TUDOM\u00c1NYOS K\u00c1V\u00c9 &#8211; &#8222;GYERMEKV\u00c1LLAL\u00c1S&#8230;&#8221;"},"content":{"rendered":"<p>A Tudom\u00e1nyos KV k\u00f6vetkez\u0151 alkalma 2016. m\u00e1jus 18-\u00e1n 8.30-10.00h lesz.<\/p>\n<p>Helysz\u00edn: NET Fsz. 81.<br \/>\nEl\u0151ad\u00f3k: D\u00e1vid Bea \u00e9s B\u00f3n\u00e9 Veronika: Gyermekv\u00e1llal\u00e1s a szem\u00e9lyes biztons\u00e1g\u00e9rzet t\u00fckr\u00e9ben. A rendszerv\u00e1lt\u00e1s csal\u00e1dt\u00f6rt\u00e9netei.<\/p>\n<p>Az el\u0151ad\u00e1s t\u00e9m\u00e1ja r\u00f6viden:<\/p>\n<p>Az el\u0151ad\u00e1s a Rendszerv\u00e1lt\u00e1s gyermekei k\u00e9tgener\u00e1ci\u00f3s csal\u00e1dkutat\u00e1s eredm\u00e9nyeit mutatja be. Az ut\u00e1nk\u00f6vet\u00e9ses vizsg\u00e1lat az eredetileg 1988-89-ben Losonczi \u00c1gnes vezet\u00e9s\u00e9vel felkeresett 300, els\u0151 gyermek\u00e9t v\u00e1r\u00f3 \u00e9desanya k\u00f6z\u00fcl 2012-ben 110 megtal\u00e1lt anya (\u00e9s feln\u0151tt gyereke) \u201erendszerv\u00e1lt\u00f3s&#8221; \u00e9letstrat\u00e9gi\u00e1it, illetve csal\u00e1dt\u00f6rt\u00e9neteit dolgozza fel. A gener\u00e1ci\u00f3k k\u00f6z\u00f6tt \u00e9s az any\u00e1k gener\u00e1ci\u00f3j\u00e1n bel\u00fcl lezajl\u00f3 v\u00e1ltoz\u00e1sok elemz\u00e9s\u00e9t a BIZTONS\u00c1G 7 j\u00f3l beazonos\u00edthat\u00f3 dimenzi\u00f3ja ment\u00e9n v\u00e9gezz\u00fck.<br \/>\nA t\u00e1rsadalmi biztons\u00e1got k\u00e9t k\u00fcls\u0151 \u00e9s egy bels\u0151 dimenzi\u00f3 seg\u00edts\u00e9g\u00e9vel \u00edrtuk le. El\u0151bbiek k\u00f6z\u00e9 a MUNKA illetve az OTTHON biztons\u00e1ga tartozik, ut\u00f3bbi pedig a J\u00d6V\u0150 BIZTONS\u00c1GA dimenzi\u00f3, amely a t\u00e1rsadalmi biztons\u00e1g szubjekt\u00edv oldal\u00e1t m\u00e9rte abb\u00f3l a szempontb\u00f3l, hogy az egy\u00e9n mennyire \u00e9rzi\/l\u00e1tja ak\u00e1r a saj\u00e1t, ak\u00e1r a k\u00f6rnyezete j\u00f6v\u0151j\u00e9t biztons\u00e1gosnak. A szem\u00e9lyes biztons\u00e1g\u00e9rzet le\u00edr\u00e1s\u00e1n\u00e1l szint\u00e9n megk\u00fcl\u00f6nb\u00f6ztett\u00fcnk k\u00fcls\u0151 \u00e9s bels\u0151 t\u00e9nyez\u0151ket is. A k\u00fcls\u0151 szem\u00e9lyes biztons\u00e1g\u00e9rzet h\u00e1rom m\u00e9rt dimenzi\u00f3ja a P\u00c1RKAPCSOLAT, a T\u00c1RSAS K\u00d6RNYEZET \u2013 CSAL\u00c1DI KAPCSOLATOK \u00e9s a T\u00c1RSAS K\u00d6RNYEZET \u2013 BAR\u00c1TI KAPCSOLATOK volt, a bels\u0151 szem\u00e9lyes biztons\u00e1g\u00e9rzetet pedig a TESTI-LELKI EG\u00c9SZS\u00c9G dimenzi\u00f3 ment\u00e9n vizsg\u00e1ltuk.<br \/>\nA 7 dimenzi\u00f3 seg\u00edts\u00e9g\u00e9vel j\u00f3l l\u00e1that\u00f3, hogy akkor (1989-ben) \u00e9s ma melyik dimenzi\u00f3 milyen m\u00e9rt\u00e9kben ny\u00fajt(ott) a k\u00e9t gener\u00e1ci\u00f3nak biztons\u00e1g\u00e9rzetet, illetve kirajzol\u00f3dik k\u00e9t elt\u00e9r\u0151 biztons\u00e1g\u00e9rzet h\u00e1l\u00f3zat is.<\/p>\n","protected":false},"excerpt":{"rendered":"<p>A Tudom\u00e1nyos KV k\u00f6vetkez\u0151 alkalma 2016. m\u00e1jus 18-\u00e1n 8.30-10.00h lesz. Helysz\u00edn: NET Fsz. 81. El\u0151ad\u00f3k: D\u00e1vid Bea \u00e9s B\u00f3n\u00e9 Veronika: Gyermekv\u00e1llal\u00e1s a szem\u00e9lyes biztons\u00e1g\u00e9rzet t\u00fckr\u00e9ben. A rendszerv\u00e1lt\u00e1s csal\u00e1dt\u00f6rt\u00e9netei. Az el\u0151ad\u00e1s t\u00e9m\u00e1ja r\u00f6viden: Az el\u0151ad\u00e1s a Rendszerv\u00e1lt\u00e1s gyermekei k\u00e9tgener\u00e1ci\u00f3s csal\u00e1dkutat\u00e1s eredm\u00e9nyeit mutatja be. Az ut\u00e1nk\u00f6vet\u00e9ses vizsg\u00e1lat az eredetileg 1988-89-ben Losonczi \u00c1gnes vezet\u00e9s\u00e9vel felkeresett 300, els\u0151 gyermek\u00e9t &hellip;<\/p>\n","protected":false},"author":101265,"featured_media":489,"comment_status":"closed","ping_status":"closed","sticky":false,"template":"","format":"standard","meta":{"_acf_changed":false,"footnotes":""},"categories":[1],"tags":[],"class_list":["post-228","post","type-post","status-publish","format-standard","has-post-thumbnail","hentry","category-hirek"],"acf":[],"_links":{"self":[{"href":"https:\/\/semmelweis.hu\/mental\/wp-json\/wp\/v2\/posts\/228","targetHints":{"allow":["GET"]}}],"collection":[{"href":"https:\/\/semmelweis.hu\/mental\/wp-json\/wp\/v2\/posts"}],"about":[{"href":"https:\/\/semmelweis.hu\/mental\/wp-json\/wp\/v2\/types\/post"}],"author":[{"embeddable":true,"href":"https:\/\/semmelweis.hu\/mental\/wp-json\/wp\/v2\/users\/101265"}],"replies":[{"embeddable":true,"href":"https:\/\/semmelweis.hu\/mental\/wp-json\/wp\/v2\/comments?post=228"}],"version-history":[{"count":3,"href":"https:\/\/semmelweis.hu\/mental\/wp-json\/wp\/v2\/posts\/228\/revisions"}],"predecessor-version":[{"id":2083,"href":"https:\/\/semmelweis.hu\/mental\/wp-json\/wp\/v2\/posts\/228\/revisions\/2083"}],"wp:featuredmedia":[{"embeddable":true,"href":"https:\/\/semmelweis.hu\/mental\/wp-json\/wp\/v2\/media\/489"}],"wp:attachment":[{"href":"https:\/\/semmelweis.hu\/mental\/wp-json\/wp\/v2\/media?parent=228"}],"wp:term":[{"taxonomy":"category","embeddable":true,"href":"https:\/\/semmelweis.hu\/mental\/wp-json\/wp\/v2\/categories?post=228"},{"taxonomy":"post_tag","embeddable":true,"href":"https:\/\/semmelweis.hu\/mental\/wp-json\/wp\/v2\/tags?post=228"}],"curies":[{"name":"wp","href":"https:\/\/api.w.org\/{rel}","templated":true}]}}