{"id":227,"date":"2018-06-08T00:00:00","date_gmt":"2018-06-07T22:00:00","guid":{"rendered":"http:\/\/semmelweis.hu\/mental\/703-east-network-2016\/"},"modified":"2018-06-18T11:49:25","modified_gmt":"2018-06-18T09:49:25","slug":"east-network-2016","status":"publish","type":"post","link":"https:\/\/semmelweis.hu\/mental\/2018\/06\/08\/east-network-2016\/","title":{"rendered":"EAST NETWORK 2016"},"content":{"rendered":"<p>A University of Oxford, az Oxford Institute of Population Ageing, a Central European University \u00e9s a Semmelweis Egyetem munkat\u00e1rsainak k\u00f6z\u00f6s szervez\u00e9sben EAST Network 2016 Workshop: \u2018Long Term Care, Spatial Planning and Public Policy in Central and Eastern Europe\u2019 c\u00edmmel k\u00e9tnapos workshopra ker\u00fcl sor id\u0151skori hosszan tart\u00f3 \u00e1pol\u00e1s, id\u0151sbar\u00e1t k\u00f6rnyezet t\u00e9m\u00e1j\u00e1ban.<\/p>\n<p>Helysz\u00edn: Budapest<br \/>\nId\u0151pont: 2016. j\u00fanius 10-11.<br \/>\nAz absztraktok \u00e9s posztetk bek\u00fcld\u00e9si hat\u00e1rideje: 2015. \u00e1rpilis 15.<br \/>\nR\u00e9szletek: http:\/\/www.ageing.ox.ac.uk\/events\/view\/289<\/p>\n<p>This EAST Research Network Workshop will provide an opportunity for members of EAST to share research, policy and practice on this important topic. The two day Workshop also provides an opportunity to discuss emerging issues with colleagues and provides an ideal platform for developing future research collaboration.<\/p>\n<p>The programme will include plenary lectures, paper presentations and discussion, and poster sessions.<\/p>\n<p>Speakers include:<\/p>\n<p>Professor Andreas Hoff (University of Zittau-G\u00f6rlitz, Germany)<\/p>\n<p>Professor Valentina Hlebec (University of Ljubljana, Slovenia)<\/p>\n<p>Professor Zsuzsa Sz\u00e9man (Institute of Mental Health, Semmelweis University, Hungary)<\/p>\n<p>Dr. Mihaela Ghenta (National Scientific Research Institute for Labour and Social Protection (INCSMPS),Romania)<\/p>\n<p>Dr. Lucie Vidovicov\u00e1 (Masaryk University, Czech Republic)<\/p>\n<p>We are inviting papers and poster presentations, deadline for submission is 15th April 2016.<\/p>\n<p><span style=\"color: #000000; font-family: 'Helvetica Neue', Arial, 'Liberation Sans', FreeSans, sans-serif; font-size: 13px; line-height: 19.5px;\">2016. j\u00fanius 10-11.<\/span><\/p>\n<p>A workshop programja <a href=\"https:\/\/semmelweis.hu\/mental\/files\/2018\/06\/Final-Programme-EAST-Workshop-2016-cor.pdf\" target=\"_blank\" rel=\"noopener\">let\u00f6lthet\u0151<\/a>.<\/p>\n","protected":false},"excerpt":{"rendered":"<p>A University of Oxford, az Oxford Institute of Population Ageing, a Central European University \u00e9s a Semmelweis Egyetem munkat\u00e1rsainak k\u00f6z\u00f6s szervez\u00e9sben EAST Network 2016 Workshop: \u2018Long Term Care, Spatial Planning and Public Policy in Central and Eastern Europe\u2019 c\u00edmmel k\u00e9tnapos workshopra ker\u00fcl sor id\u0151skori hosszan tart\u00f3 \u00e1pol\u00e1s, id\u0151sbar\u00e1t k\u00f6rnyezet t\u00e9m\u00e1j\u00e1ban. Helysz\u00edn: Budapest Id\u0151pont: 2016. j\u00fanius &hellip;<\/p>\n","protected":false},"author":101265,"featured_media":435,"comment_status":"closed","ping_status":"closed","sticky":false,"template":"","format":"standard","meta":{"_acf_changed":false,"footnotes":""},"categories":[1],"tags":[],"class_list":["post-227","post","type-post","status-publish","format-standard","has-post-thumbnail","hentry","category-hirek"],"acf":[],"_links":{"self":[{"href":"https:\/\/semmelweis.hu\/mental\/wp-json\/wp\/v2\/posts\/227","targetHints":{"allow":["GET"]}}],"collection":[{"href":"https:\/\/semmelweis.hu\/mental\/wp-json\/wp\/v2\/posts"}],"about":[{"href":"https:\/\/semmelweis.hu\/mental\/wp-json\/wp\/v2\/types\/post"}],"author":[{"embeddable":true,"href":"https:\/\/semmelweis.hu\/mental\/wp-json\/wp\/v2\/users\/101265"}],"replies":[{"embeddable":true,"href":"https:\/\/semmelweis.hu\/mental\/wp-json\/wp\/v2\/comments?post=227"}],"version-history":[{"count":3,"href":"https:\/\/semmelweis.hu\/mental\/wp-json\/wp\/v2\/posts\/227\/revisions"}],"predecessor-version":[{"id":2081,"href":"https:\/\/semmelweis.hu\/mental\/wp-json\/wp\/v2\/posts\/227\/revisions\/2081"}],"wp:featuredmedia":[{"embeddable":true,"href":"https:\/\/semmelweis.hu\/mental\/wp-json\/wp\/v2\/media\/435"}],"wp:attachment":[{"href":"https:\/\/semmelweis.hu\/mental\/wp-json\/wp\/v2\/media?parent=227"}],"wp:term":[{"taxonomy":"category","embeddable":true,"href":"https:\/\/semmelweis.hu\/mental\/wp-json\/wp\/v2\/categories?post=227"},{"taxonomy":"post_tag","embeddable":true,"href":"https:\/\/semmelweis.hu\/mental\/wp-json\/wp\/v2\/tags?post=227"}],"curies":[{"name":"wp","href":"https:\/\/api.w.org\/{rel}","templated":true}]}}