{"id":226,"date":"2018-06-08T00:00:00","date_gmt":"2018-06-07T22:00:00","guid":{"rendered":"http:\/\/semmelweis.hu\/mental\/719-szulo-csecsemo-konzultacio\/"},"modified":"2018-06-18T11:46:05","modified_gmt":"2018-06-18T09:46:05","slug":"szulo-csecsemo-konzultacio","status":"publish","type":"post","link":"https:\/\/semmelweis.hu\/mental\/2018\/06\/08\/szulo-csecsemo-konzultacio\/","title":{"rendered":"SZ\u00dcL\u0150-CSECSEM\u0150 KONZULT\u00c1CI\u00d3"},"content":{"rendered":"<p>Kedves \u00c9rdekl\u0151d\u0151k,<\/p>\n<p>a Semmelweis Egyetem Ment\u00e1lhigi\u00e9n\u00e9 Int\u00e9zete 2016 szeptember\u00e9t\u0151l ism\u00e9t felv\u00e9telt hirdet az Integr\u00e1lt Sz\u00fcl\u0151-Csecsem\u0151 Konzulens (H\u00e9derv\u00e1ri-Heller \u00e9s N\u00e9meth) fels\u0151fok\u00fa szakir\u00e1ny\u00fa tov\u00e1bbk\u00e9pz\u00e9sre.<\/p>\n<p>V\u00e1rjuk minden gyerekekkel \u00e9s csal\u00e1dokkal foglalkoz\u00f3 szakter\u00fclet k\u00e9pvisel\u0151it.<\/p>\n<p>Jelentkez\u00e9si hat\u00e1rid\u0151: m\u00e1jus 30., felv\u00e9teli elbesz\u00e9lget\u00e9s id\u0151pontja: j\u00fanius 13.<\/p>\n<p>Jelentkez\u00e9si lap, \u00e9s tov\u00e1bbi inform\u00e1ci\u00f3k let\u00f6lthet\u0151k az al\u00e1bbi honlapon:<\/p>\n<p><a href=\"https:\/\/semmelweis.hu\/mental\/szakiranyu-kepzesek\/integralt-szulo-csecsemo-konzultacio\/\">https:\/\/semmelweis.hu\/mental\/szakiranyu-kepzesek\/integralt-szulo-csecsemo-konzultacio\/<\/a><\/p>\n<p>illetve<br \/>\n<a href=\"https:\/\/semmelweis.hu\/mental\/szakiranyu-kepzesek\/integralt-szulo-csecsemo-konzultacio\/felvetel-a-kepzesre-szulo-csecsemo\/\">https:\/\/semmelweis.hu\/mental\/szakiranyu-kepzesek\/integralt-szulo-csecsemo-konzultacio\/felvetel-a-kepzesre-szulo-csecsemo\/<\/a><\/p>\n<p>\u00dcdv\u00f6zlettel,<\/p>\n<p>Az ISZCSK k\u00e9pz\u00e9s csapat\u00e1nak nev\u00e9ben,<\/p>\n<p>Dr. N\u00e9meth T\u00fcnde, gyermekgy\u00f3gy\u00e1sz, pszichoterapeuta, az ISZCSK k\u00e9pz\u00e9s magyarorsz\u00e1gi kidolgoz\u00f3ja<\/p>\n<p>\u00e9s<\/p>\n<p>Dr. Danis Ildik\u00f3, fejl\u0151d\u00e9spszichol\u00f3gus, egyetemi adjunktus, az ISZCSK k\u00e9pz\u00e9s tanulm\u00e1nyi felel\u0151se<\/p>\n<p>Sz\u00f3r\u00f3lap let\u00f6lthet\u0151 <a href=\"https:\/\/semmelweis.hu\/mental\/files\/2018\/06\/ISZCSK_inform\u00e1ci\u00f3k-\u00e9rdekl\u0151d\u0151knek_sz\u00f3r\u00f3lap_2016.doc\" target=\"_blank\" rel=\"noopener\">inn\u00e9t<\/a>.<\/p>\n","protected":false},"excerpt":{"rendered":"<p>Kedves \u00c9rdekl\u0151d\u0151k, a Semmelweis Egyetem Ment\u00e1lhigi\u00e9n\u00e9 Int\u00e9zete 2016 szeptember\u00e9t\u0151l ism\u00e9t felv\u00e9telt hirdet az Integr\u00e1lt Sz\u00fcl\u0151-Csecsem\u0151 Konzulens (H\u00e9derv\u00e1ri-Heller \u00e9s N\u00e9meth) fels\u0151fok\u00fa szakir\u00e1ny\u00fa tov\u00e1bbk\u00e9pz\u00e9sre. V\u00e1rjuk minden gyerekekkel \u00e9s csal\u00e1dokkal foglalkoz\u00f3 szakter\u00fclet k\u00e9pvisel\u0151it. Jelentkez\u00e9si hat\u00e1rid\u0151: m\u00e1jus 30., felv\u00e9teli elbesz\u00e9lget\u00e9s id\u0151pontja: j\u00fanius 13. Jelentkez\u00e9si lap, \u00e9s tov\u00e1bbi inform\u00e1ci\u00f3k let\u00f6lthet\u0151k az al\u00e1bbi honlapon: <a href=\"https:\/\/semmelweis.hu\/mental\/szakiranyu-kepzesek\/integralt-szulo-csecsemo-konzultacio\/\">https:\/\/semmelweis.hu\/mental\/szakiranyu-kepzesek\/integralt-szulo-csecsemo-konzultacio\/<\/a> illetve <a href=\"https:\/\/semmelweis.hu\/mental\/szakiranyu-kepzesek\/integralt-szulo-csecsemo-konzultacio\/felvetel-a-kepzesre-szulo-csecsemo\/\">https:\/\/semmelweis.hu\/mental\/szakiranyu-kepzesek\/integralt-szulo-csecsemo-konzultacio\/felvetel-a-kepzesre-szulo-csecsemo\/<\/a> \u00dcdv\u00f6zlettel, Az ISZCSK k\u00e9pz\u00e9s csapat\u00e1nak nev\u00e9ben, &hellip;<\/p>\n","protected":false},"author":101265,"featured_media":409,"comment_status":"closed","ping_status":"closed","sticky":false,"template":"","format":"standard","meta":{"_acf_changed":false,"footnotes":""},"categories":[1],"tags":[],"class_list":["post-226","post","type-post","status-publish","format-standard","has-post-thumbnail","hentry","category-hirek"],"acf":[],"_links":{"self":[{"href":"https:\/\/semmelweis.hu\/mental\/wp-json\/wp\/v2\/posts\/226","targetHints":{"allow":["GET"]}}],"collection":[{"href":"https:\/\/semmelweis.hu\/mental\/wp-json\/wp\/v2\/posts"}],"about":[{"href":"https:\/\/semmelweis.hu\/mental\/wp-json\/wp\/v2\/types\/post"}],"author":[{"embeddable":true,"href":"https:\/\/semmelweis.hu\/mental\/wp-json\/wp\/v2\/users\/101265"}],"replies":[{"embeddable":true,"href":"https:\/\/semmelweis.hu\/mental\/wp-json\/wp\/v2\/comments?post=226"}],"version-history":[{"count":5,"href":"https:\/\/semmelweis.hu\/mental\/wp-json\/wp\/v2\/posts\/226\/revisions"}],"predecessor-version":[{"id":2078,"href":"https:\/\/semmelweis.hu\/mental\/wp-json\/wp\/v2\/posts\/226\/revisions\/2078"}],"wp:featuredmedia":[{"embeddable":true,"href":"https:\/\/semmelweis.hu\/mental\/wp-json\/wp\/v2\/media\/409"}],"wp:attachment":[{"href":"https:\/\/semmelweis.hu\/mental\/wp-json\/wp\/v2\/media?parent=226"}],"wp:term":[{"taxonomy":"category","embeddable":true,"href":"https:\/\/semmelweis.hu\/mental\/wp-json\/wp\/v2\/categories?post=226"},{"taxonomy":"post_tag","embeddable":true,"href":"https:\/\/semmelweis.hu\/mental\/wp-json\/wp\/v2\/tags?post=226"}],"curies":[{"name":"wp","href":"https:\/\/api.w.org\/{rel}","templated":true}]}}