{"id":225,"date":"2018-06-18T11:37:03","date_gmt":"2018-06-18T09:37:03","guid":{"rendered":"http:\/\/semmelweis.hu\/mental\/?page_id=225"},"modified":"2018-06-18T11:37:40","modified_gmt":"2018-06-18T09:37:40","slug":"doktoranduszok-foruma-2","status":"publish","type":"post","link":"https:\/\/semmelweis.hu\/mental\/2018\/06\/18\/doktoranduszok-foruma-2\/","title":{"rendered":"DOKTORANDUSZOK F\u00d3RUMA"},"content":{"rendered":"<p>Szeretettel megh\u00edvunk mindenkit az els\u0151 Doktorandusz F\u00f3rumra, ahol az Int\u00e9zet doktoranduszai (Semmelweis Egyetem 4\/3. Doktori Programja &#8211; Egy\u00e9nek \u00e9s k\u00f6z\u00f6ss\u00e9gek er\u0151forr\u00e1sainak szociol\u00f3giai \u00e9s ment\u00e1lhigi\u00e9n\u00e9s megk\u00f6zel\u00edt\u00e9se) sz\u00e1molnak be kutat\u00e1saikr\u00f3l, munk\u00e1jukr\u00f3l.<\/p>\n<p>Id\u0151pont: 2016. j\u00fanius 22. (szerda) 8.30-10.30.<\/p>\n<p>Helysz\u00edn: NET (1089 Budapest, Nagyv\u00e1rad t\u00e9r 4.) Fszt. 81.<\/p>\n<p><span style=\"text-decoration: underline;\">Program:<\/span><\/p>\n<p>8.30-8.50: J\u00e1ki Zsuzsanna: Pszichoter\u00e1pia \u00e9s spiritualit\u00e1s: a szakmai \u00e9s szakm\u00e1k k\u00f6zti egy\u00fcttm\u0171k\u00f6d\u00e9s k\u00e9rd\u00e9sei<\/p>\n<p>8.50-9.10: B\u00e1lity Csaba: A vall\u00e1soss\u00e1g intergener\u00e1ci\u00f3s transzmisszi\u00f3ja nagycsal\u00e1dokban<\/p>\n<p>9.10-9.30: Luk\u00e1cs \u00c1gnes: Roma egyetemist\u00e1k t\u00e1rsadalmi be\u00e1gyazotts\u00e1ga kapcsolath\u00e1l\u00f3zati dimenzi\u00f3ban<\/p>\n<p>9.30-9.50: Gyetvai Gell\u00e9rt L\u00e1szl\u00f3: A rom\u00e1k \u00e9s a kereszt\u00e9ny vall\u00e1sok<\/p>\n<p>9.50-10.15: Interakt\u00edv percek, k\u00e9rd\u00e9sek, besz\u00e9lget\u00e9s<\/p>\n<p>10.15-10.30: D\u00e1vid Bea r\u00f6vid visszajelz\u00e9se a doktoranduszok kutat\u00e1si kapacit\u00e1s m\u00e9r\u00e9s keret\u00e9ben adott v\u00e1laszair\u00f3l<\/p>\n<p>Szeretettel v\u00e1rjuk el\u0151ad\u00f3inkat, munkat\u00e1rsainkat \u00e9s doktoranduszainkat, \u00e9s minden \u00e9rdekl\u0151d\u0151t.<\/p>\n","protected":false},"excerpt":{"rendered":"<p>Szeretettel megh\u00edvunk mindenkit az els\u0151 Doktorandusz F\u00f3rumra, ahol az Int\u00e9zet doktoranduszai (Semmelweis Egyetem 4\/3. Doktori Programja &#8211; Egy\u00e9nek \u00e9s k\u00f6z\u00f6ss\u00e9gek er\u0151forr\u00e1sainak szociol\u00f3giai \u00e9s ment\u00e1lhigi\u00e9n\u00e9s megk\u00f6zel\u00edt\u00e9se) sz\u00e1molnak be kutat\u00e1saikr\u00f3l, munk\u00e1jukr\u00f3l. Id\u0151pont: 2016. j\u00fanius 22. (szerda) 8.30-10.30. Helysz\u00edn: NET (1089 Budapest, Nagyv\u00e1rad t\u00e9r 4.) Fszt. 81. Program: 8.30-8.50: J\u00e1ki Zsuzsanna: Pszichoter\u00e1pia \u00e9s spiritualit\u00e1s: a szakmai \u00e9s szakm\u00e1k &hellip;<\/p>\n","protected":false},"author":101265,"featured_media":459,"comment_status":"closed","ping_status":"closed","sticky":false,"template":"","format":"standard","meta":{"_acf_changed":false,"footnotes":""},"categories":[1],"tags":[],"class_list":["post-225","post","type-post","status-publish","format-standard","has-post-thumbnail","hentry","category-hirek"],"acf":[],"_links":{"self":[{"href":"https:\/\/semmelweis.hu\/mental\/wp-json\/wp\/v2\/posts\/225","targetHints":{"allow":["GET"]}}],"collection":[{"href":"https:\/\/semmelweis.hu\/mental\/wp-json\/wp\/v2\/posts"}],"about":[{"href":"https:\/\/semmelweis.hu\/mental\/wp-json\/wp\/v2\/types\/post"}],"author":[{"embeddable":true,"href":"https:\/\/semmelweis.hu\/mental\/wp-json\/wp\/v2\/users\/101265"}],"replies":[{"embeddable":true,"href":"https:\/\/semmelweis.hu\/mental\/wp-json\/wp\/v2\/comments?post=225"}],"version-history":[{"count":2,"href":"https:\/\/semmelweis.hu\/mental\/wp-json\/wp\/v2\/posts\/225\/revisions"}],"predecessor-version":[{"id":2073,"href":"https:\/\/semmelweis.hu\/mental\/wp-json\/wp\/v2\/posts\/225\/revisions\/2073"}],"wp:featuredmedia":[{"embeddable":true,"href":"https:\/\/semmelweis.hu\/mental\/wp-json\/wp\/v2\/media\/459"}],"wp:attachment":[{"href":"https:\/\/semmelweis.hu\/mental\/wp-json\/wp\/v2\/media?parent=225"}],"wp:term":[{"taxonomy":"category","embeddable":true,"href":"https:\/\/semmelweis.hu\/mental\/wp-json\/wp\/v2\/categories?post=225"},{"taxonomy":"post_tag","embeddable":true,"href":"https:\/\/semmelweis.hu\/mental\/wp-json\/wp\/v2\/tags?post=225"}],"curies":[{"name":"wp","href":"https:\/\/api.w.org\/{rel}","templated":true}]}}