{"id":224,"date":"2018-06-08T00:00:00","date_gmt":"2018-06-07T22:00:00","guid":{"rendered":"http:\/\/semmelweis.hu\/mental\/726-konyvbemutato-tizenket-koltemeny\/"},"modified":"2018-06-18T11:27:39","modified_gmt":"2018-06-18T09:27:39","slug":"konyvbemutato-tizenket-koltemeny","status":"publish","type":"post","link":"https:\/\/semmelweis.hu\/mental\/2018\/06\/08\/konyvbemutato-tizenket-koltemeny\/","title":{"rendered":"K\u00d6NYVBEMUTAT\u00d3: TIZENK\u00c9T K\u00d6LTEM\u00c9NY"},"content":{"rendered":"<p>A Savaria University Press bemutatja az \u00dcnnepi K\u00f6nyvh\u00e9ten<br \/>\naz MTA K\u00f6nyvt\u00e1r \u00e9s Inform\u00e1ci\u00f3s K\u00f6zpont Agora-programja keret\u00e9ben az al\u00e1bbi k\u00f6teteket:<\/p>\n<p>1. Kolt\u00f3t\u00f3l Kolt\u00f3ig, szerk. F\u0171zfa Bal\u00e1zs (A 12 legszebb magyar vers-sorozat)<br \/>\n2. Mohai V. Lajos: Isten h\u00e1ta m\u00f6g\u00f6tt (Kosztol\u00e1nyi-tanulm\u00e1nyok)<\/p>\n<p>3. Nagy J. Endre: Tizenk\u00e9t k\u00f6ltem\u00e9ny \u2013 egy filoz\u00f3fus szem\u00e9vel (tanulm\u00e1nyok)<\/p>\n<p>4. Sipos Lajos: Modernit\u00e1sok, alkot\u00f3k, p\u00e1rbesz\u00e9dek (tanulm\u00e1nyok)<br \/>\n5. &#8222;Sz\u00e1z \u00e9v m\u00falva is eml\u00e9kezett dolgokra&#8221;, szerk. F\u0171zfa Bal\u00e1zs (Ottlik-tanulm\u00e1nyok)<br \/>\n6. Sz. T\u00f3th Gyula: Egy franciatan\u00e1r irodalmi kalandjai (essz\u00e9k, tanulm\u00e1nyok)<br \/>\n7. Winkler M\u00e1rta: \u00d6r\u00f6mre nevelni (essz\u00e9k)<\/p>\n<p>Moder\u00e1tor: F\u0171zfa Bal\u00e1zs<\/p>\n<p>Szeretettel v\u00e1runk minden \u00e9rdekl\u0151d\u0151t!<\/p>\n<p>Id\u0151pont \u00e9s helysz\u00edn: <strong><span style=\"color: #ff0000;\">2016. j\u00fanius 09.<\/span><\/strong> cs\u00fct\u00f6rt\u00f6k 16:00 \u00f3ra<br \/>\nMTA K\u00f6nyvt\u00e1r \u00e9s Inform\u00e1ci\u00f3s K\u00f6zpont Konferenciaterme<br \/>\n(Budapest V. ker., Arany J\u00e1nos u. 1. II. emelet)<\/p>\n","protected":false},"excerpt":{"rendered":"<p>A Savaria University Press bemutatja az \u00dcnnepi K\u00f6nyvh\u00e9ten az MTA K\u00f6nyvt\u00e1r \u00e9s Inform\u00e1ci\u00f3s K\u00f6zpont Agora-programja keret\u00e9ben az al\u00e1bbi k\u00f6teteket: 1. Kolt\u00f3t\u00f3l Kolt\u00f3ig, szerk. F\u0171zfa Bal\u00e1zs (A 12 legszebb magyar vers-sorozat) 2. Mohai V. Lajos: Isten h\u00e1ta m\u00f6g\u00f6tt (Kosztol\u00e1nyi-tanulm\u00e1nyok) 3. Nagy J. Endre: Tizenk\u00e9t k\u00f6ltem\u00e9ny \u2013 egy filoz\u00f3fus szem\u00e9vel (tanulm\u00e1nyok) 4. Sipos Lajos: Modernit\u00e1sok, alkot\u00f3k, p\u00e1rbesz\u00e9dek &hellip;<\/p>\n","protected":false},"author":101265,"featured_media":604,"comment_status":"closed","ping_status":"closed","sticky":false,"template":"","format":"standard","meta":{"_acf_changed":false,"footnotes":""},"categories":[1],"tags":[],"class_list":["post-224","post","type-post","status-publish","format-standard","has-post-thumbnail","hentry","category-hirek"],"acf":[],"_links":{"self":[{"href":"https:\/\/semmelweis.hu\/mental\/wp-json\/wp\/v2\/posts\/224","targetHints":{"allow":["GET"]}}],"collection":[{"href":"https:\/\/semmelweis.hu\/mental\/wp-json\/wp\/v2\/posts"}],"about":[{"href":"https:\/\/semmelweis.hu\/mental\/wp-json\/wp\/v2\/types\/post"}],"author":[{"embeddable":true,"href":"https:\/\/semmelweis.hu\/mental\/wp-json\/wp\/v2\/users\/101265"}],"replies":[{"embeddable":true,"href":"https:\/\/semmelweis.hu\/mental\/wp-json\/wp\/v2\/comments?post=224"}],"version-history":[{"count":2,"href":"https:\/\/semmelweis.hu\/mental\/wp-json\/wp\/v2\/posts\/224\/revisions"}],"predecessor-version":[{"id":2066,"href":"https:\/\/semmelweis.hu\/mental\/wp-json\/wp\/v2\/posts\/224\/revisions\/2066"}],"wp:featuredmedia":[{"embeddable":true,"href":"https:\/\/semmelweis.hu\/mental\/wp-json\/wp\/v2\/media\/604"}],"wp:attachment":[{"href":"https:\/\/semmelweis.hu\/mental\/wp-json\/wp\/v2\/media?parent=224"}],"wp:term":[{"taxonomy":"category","embeddable":true,"href":"https:\/\/semmelweis.hu\/mental\/wp-json\/wp\/v2\/categories?post=224"},{"taxonomy":"post_tag","embeddable":true,"href":"https:\/\/semmelweis.hu\/mental\/wp-json\/wp\/v2\/tags?post=224"}],"curies":[{"name":"wp","href":"https:\/\/api.w.org\/{rel}","templated":true}]}}